{"id":14810,"date":"2023-02-20T12:41:25","date_gmt":"2023-02-20T15:41:25","guid":{"rendered":"http:\/\/dgospel.com.br\/portal\/?p=14810"},"modified":"2023-02-20T12:41:26","modified_gmt":"2023-02-20T15:41:26","slug":"sarah-farias-e-dj-pv-emocionam-e-marcam-primeira-noite-do-evento","status":"publish","type":"post","link":"https:\/\/dgospel.com.br\/portal\/index.php\/2023\/02\/20\/sarah-farias-e-dj-pv-emocionam-e-marcam-primeira-noite-do-evento\/","title":{"rendered":"Sarah Farias e DJ PV emocionam e marcam primeira noite do evento"},"content":{"rendered":"\n<p>O maior evento de m\u00fasica crist\u00e3&nbsp;da regi\u00e3o Norte do Brasil volta ap\u00f3s dois anos suspenso e atraiu um p\u00fablico que estava saudoso pelos louvores e adora\u00e7\u00e3o do Palmas Capital da F\u00e9, e que se emocionou nesta primeira noite de programa, sexta-feira, 17. As atra\u00e7\u00f5es principais foram a&nbsp;cantora evang\u00e9lica Sarah Farias e o DJ PV, que agitou o p\u00fablico com a m\u00fasica eletr\u00f4nica. Para a segunda noite, can\u00e7\u00f5es de f\u00e9 e esperan\u00e7a prometem animar a programa\u00e7\u00e3o voltada&nbsp;ao p\u00fablico cat\u00f3lico, com as apresenta\u00e7\u00f5es nacionais da banda Rosa de Saron e do Pe. F\u00e1bio de Melo.<\/p>\n\n\n\n<p>O minist\u00e9rio de louvor Seven da Igreja Adventista Palmas abriu a programa\u00e7\u00e3o da primeira noite&nbsp;com louvores j\u00e1 consagrados pelo segmento&nbsp;evang\u00e9lico e tamb\u00e9m teve&nbsp;o show pirot\u00e9cnico de luzes no estacionamento do Est\u00e1dio Nilton Santos, marcando a abertura oficial do evento. \u201cEste j\u00e1 \u00e9 um evento de marca consolidado, recebemos pessoas de v\u00e1rios locais do Pa\u00eds, fomentamos a economia, e abra\u00e7amos as fam\u00edlias. Palmas \u00e9 a Capital de Deus e de todos os tocantinenses\u201d, destacou a prefeita de Palmas, Cinthia Ribeiro, na abertura.<\/p>\n\n\n\n<blockquote class=\"wp-block-quote\"><p>Confira as galerias de imagens da primeira noite&nbsp;<a href=\"https:\/\/agenciapalmas.com\/Fotos\/158768\/Capital-da-F%C3%A9-2023---1%C2%AA-noite-Edu-Fortes\" target=\"_blank\" rel=\"noreferrer noopener\">aqui<\/a>&nbsp;e tamb\u00e9m&nbsp;<a href=\"https:\/\/agenciapalmas.com\/Fotos\/158764\/Primeira-noite-do-Palmas-Capital-da-F%C3%A9-2023\" target=\"_blank\" rel=\"noreferrer noopener\">aqui<\/a>.<\/p><\/blockquote>\n\n\n\n<p>Com o dom de emocionar, Sarah Farias volta ao palco do Capital da F\u00e9&nbsp;com composi\u00e7\u00f5es e interpreta\u00e7\u00f5es marcadas por suas experi\u00eancias, capazes de inspirar e consolar cora\u00e7\u00f5es, a exemplo das m\u00fasicas: &nbsp;Deixa eu te usar (can\u00e7\u00e3o que a indicou ao grammy latino de 2021), S\u00f3 quem tem raiz, Sobrevivi, O c\u00e9u est\u00e1 me sustentando (inspirada em sua dor de perder a filha) e Deus n\u00e3o vai parar. \u201cPalmas j\u00e1 tem um lugar importante em meu cora\u00e7\u00e3o, e na \u00faltima edi\u00e7\u00e3o do Capital da F\u00e9 eu vivi momentos especiais. \u00c9 um evento que \u00e9 modelo para v\u00e1rias capitais do Brasil\u201d, frisou a cantora<\/p>\n\n\n\n<p>Ao som da liberdade, o DJ PV levantou a plateia saudosa pela retornada do Capital &nbsp;da F\u00e9, a exemplo das primas Kelly Naiara Rodrigues e Camille Victoria &nbsp;Rodrigues. &#8220;Estaremos aqui todos os dias, n\u00e3o queremos perder nada. Nesses dois anos sentimos muita falta do Capital da F\u00e9&#8221;. E o fechamento da festa ficou com a apresenta\u00e7\u00e3o regional do cantor e compositor gospel Moises di Carvalho.<\/p>\n\n\n\n<p><strong>Segundo dia<\/strong><br>Para este s\u00e1bado, 18, a programa\u00e7\u00e3o &nbsp;contar\u00e1 com duas atra\u00e7\u00f5es nacionais j\u00e1 carimbadas do Capital da F\u00e9: Pe F\u00e1bio de Melo e Rosa de Saron. E para completar a festa, a anima\u00e7\u00e3o fica por conta dos cantores cat\u00f3lico regionais Pe. Geraldinho e Bek\u00e3o. &nbsp;O presidente da Ag\u00eancia &nbsp;Municipal &nbsp;de Turismo (Agtur), Tom Lyra, destacou que esse ano o evento trouxe menos artista&nbsp;por noite, para que o p\u00fablico pudesse aproveitar mais cada cantor. &#8220;Ser\u00e3o cinco noites de adora\u00e7\u00e3o divididos entre atra\u00e7\u00f5es cat\u00f3licas e evang\u00e9licas, sendo que no domingo ser\u00e3o apresenta\u00e7\u00f5es mistas&#8221;.<\/p>\n\n\n\n<p><strong>Catraca Livre<\/strong><br>O Capital da F\u00e9 j\u00e1 &nbsp;faz parte do calend\u00e1rio &nbsp;de eventos de Palmas, fixado por lei municipal. E o grande diferencial &nbsp;deste ano, apontado pelo gestor da Agtur \u00e9 a gratuidade do transporte p\u00fablico. &#8220;Temos \u00f4nibus &nbsp;saindo de toda parte da cidade, com catraca livre, que v\u00e3o &nbsp;funcionar durante esses cinco dias das 15 horas \u00e0s &nbsp;4 horas da manh\u00e3.&#8221;<\/p>\n\n\n\n<p><strong>Estrutura<\/strong><br>Outro diferencial desta edi\u00e7\u00e3o&nbsp;ficou por conta do espa\u00e7o, que foi ampliado e recebeu pavimenta\u00e7\u00e3o, para receber o p\u00fablico &nbsp;de forma confort\u00e1vel, com duas pra\u00e7as de alimenta\u00e7\u00e3o cobertas, com mesas e cadeiras, para que as fam\u00edlias com crian\u00e7as e pessoas idosas tenham um local para se alimentar de forma tranquila. Tamb\u00e9m &nbsp;foi montado um espa\u00e7o kids com parquinho e brinquedos infl\u00e1veis. &nbsp;E para seguran\u00e7a do p\u00fablico, 150 homens e mulheres das for\u00e7as de seguran\u00e7a dando suporte.&nbsp;<\/p>\n\n\n\n<p><strong>Confira a programa\u00e7\u00e3o para os pr\u00f3ximos dias<\/strong><\/p>\n\n\n\n<p><strong>S\u00e1bado, 18 (Noite Cat\u00f3lica)<\/strong><br>\u2022 &nbsp; &nbsp;Rosa de Saron<br>\u2022 &nbsp; &nbsp;Pe. F\u00e1bio de Melo<br>\u2022 &nbsp; &nbsp;Pe. Geraldinho<br>\u2022 &nbsp; &nbsp;Bek\u00e3o<\/p>\n\n\n\n<p><strong>Domingo,19 (Gospel\/Cat\u00f3lico)<\/strong><br>\u2022 &nbsp; &nbsp;Wesley Ribeiro<br>\u2022 &nbsp; &nbsp;Midian Lima<br>\u2022 &nbsp; &nbsp;Pe Alessandro<br>\u2022 &nbsp; &nbsp;Damares<\/p>\n\n\n\n<p><strong>Segunda, 20 (Noite Cat\u00f3lica)<\/strong><br>\u2022 &nbsp; &nbsp;Pe. Fabiano e Miss\u00e3o Sacramento&nbsp;<br>\u2022 &nbsp; &nbsp;Anjos de Resgate<br>\u2022 &nbsp; &nbsp;Catedral<br>\u2022 &nbsp; &nbsp;William Pontes<\/p>\n\n\n\n<p><strong>Ter\u00e7a, 21 (Noite Gospel)<\/strong><br>\u2022 &nbsp; &nbsp;Daniel Narom &amp; Banda&nbsp;<br>\u2022 &nbsp; &nbsp;Pregador Luo<br>\u2022 &nbsp; &nbsp;Cassiane<br>\u2022 &nbsp; Pedro Ruan<br>&nbsp;<\/p>\n","protected":false},"excerpt":{"rendered":"<p>O maior evento de m\u00fasica crist\u00e3&nbsp;da regi\u00e3o Norte do Brasil volta ap\u00f3s dois anos suspenso e atraiu um p\u00fablico que estava saudoso pelos louvores e adora\u00e7\u00e3o do Palmas Capital da F\u00e9, e que se emocionou nesta primeira noite de programa, sexta-feira, 17. As atra\u00e7\u00f5es principais foram a&nbsp;cantora evang\u00e9lica Sarah Farias e o DJ PV, que [&hellip;]<\/p>\n","protected":false},"author":2,"featured_media":14811,"comment_status":"open","ping_status":"open","sticky":false,"template":"","format":"standard","meta":[],"categories":[3],"tags":[13],"_links":{"self":[{"href":"https:\/\/dgospel.com.br\/portal\/index.php\/wp-json\/wp\/v2\/posts\/14810"}],"collection":[{"href":"https:\/\/dgospel.com.br\/portal\/index.php\/wp-json\/wp\/v2\/posts"}],"about":[{"href":"https:\/\/dgospel.com.br\/portal\/index.php\/wp-json\/wp\/v2\/types\/post"}],"author":[{"embeddable":true,"href":"https:\/\/dgospel.com.br\/portal\/index.php\/wp-json\/wp\/v2\/users\/2"}],"replies":[{"embeddable":true,"href":"https:\/\/dgospel.com.br\/portal\/index.php\/wp-json\/wp\/v2\/comments?post=14810"}],"version-history":[{"count":1,"href":"https:\/\/dgospel.com.br\/portal\/index.php\/wp-json\/wp\/v2\/posts\/14810\/revisions"}],"predecessor-version":[{"id":14812,"href":"https:\/\/dgospel.com.br\/portal\/index.php\/wp-json\/wp\/v2\/posts\/14810\/revisions\/14812"}],"wp:featuredmedia":[{"embeddable":true,"href":"https:\/\/dgospel.com.br\/portal\/index.php\/wp-json\/wp\/v2\/media\/14811"}],"wp:attachment":[{"href":"https:\/\/dgospel.com.br\/portal\/index.php\/wp-json\/wp\/v2\/media?parent=14810"}],"wp:term":[{"taxonomy":"category","embeddable":true,"href":"https:\/\/dgospel.com.br\/portal\/index.php\/wp-json\/wp\/v2\/categories?post=14810"},{"taxonomy":"post_tag","embeddable":true,"href":"https:\/\/dgospel.com.br\/portal\/index.php\/wp-json\/wp\/v2\/tags?post=14810"}],"curies":[{"name":"wp","href":"https:\/\/api.w.org\/{rel}","templated":true}]}}