{"id":14813,"date":"2023-02-20T12:43:13","date_gmt":"2023-02-20T15:43:13","guid":{"rendered":"http:\/\/dgospel.com.br\/portal\/?p=14813"},"modified":"2023-02-20T12:43:15","modified_gmt":"2023-02-20T15:43:15","slug":"segunda-noite-do-capital-da-fe-emociona-e-atrai-centenas-de-fieis","status":"publish","type":"post","link":"https:\/\/dgospel.com.br\/portal\/index.php\/2023\/02\/20\/segunda-noite-do-capital-da-fe-emociona-e-atrai-centenas-de-fieis\/","title":{"rendered":"Segunda noite do Capital da F\u00e9 emociona e atrai centenas de fi\u00e9is"},"content":{"rendered":"\n<p>A emo\u00e7\u00e3o de retornar aos palcos do Palmas Capital da F\u00e9 e reencontrar o p\u00fablico no primeiro Carnaval Crist\u00e3o&nbsp;p\u00f3s-pandemia do coronav\u00edrus foi o sentimento comum aos artistas que se apresentaram na segunda noite do evento, realizada neste s\u00e1bado, 18. Padre F\u00e1bio de Melo, banda Rosa de Saron, Padre Geraldinho e Bek\u00e3o e banda foram os respons\u00e1veis por animar a noite.&nbsp;Al\u00e9m da emo\u00e7\u00e3o, eles tamb\u00e9m compartilham a opini\u00e3o de que o Capital da F\u00e9 \u00e9 uma alternativa neste tempo de festa secular, que al\u00e9m da divers\u00e3o, ajuda a edificar espiritualmente o ser humano.&nbsp;<\/p>\n\n\n\n<p>A prefeita Cinthia Ribeiro tamb\u00e9m festejou bastante a segunda noite do Palmas Capital da F\u00e9. Ela agradeceu a Deus a oportunidade de realizar o evento de forma t\u00e3o completa.&nbsp;Acompanhada do esposo, deputado Eduardo Mantoan, do presidente da Ag\u00eancia de Turismo de Palmas (Agtur), Tom Lyra e demais autoridades, ela anunciou&nbsp;a apresenta\u00e7\u00e3o da&nbsp; banda Rosa de Saron e deixou uma mensagem de f\u00e9 e alegria.<\/p>\n\n\n\n<p>&#8220;Para honra e gl\u00f3ria de Deus, n\u00f3s retomamos o Capital da F\u00e9, presencialmente. Estamos aqui&nbsp;para louvar e agradecer ao Senhor pela vida de cada um de voc\u00eas. Levar a palavra de Deus \u00e0s pessoas \u00e9 muito importante,\u201d ao encerrar sua fala, a prefeita orou o Pai Nosso, ao lado de milhares de fi\u00e9is.<\/p>\n\n\n\n<p>O Padre F\u00e1bio falou sobre o amor ao pr\u00f3ximo e a si mesmo&nbsp;e do amor que Deus tem pelo ser humano. \u201c\u00c9 mais uma prova do amor de Deus poder aproveitar o Carnaval para espiritualizar o cora\u00e7\u00e3o e a mente, e lembrar a cada um&nbsp;sobre como Deus nos ama, Nesta Festa n\u00e3o tem um ind\u00edcio de viol\u00eancia e isso \u00e9 muito louv\u00e1vel\u201d, destacou.<\/p>\n\n\n\n<p>Os m\u00fasicos da Rosa de Saron tamb\u00e9m exaltaram a possibilidade de evangelizar no Carnaval. \u201c\u00c9 um presente para a gente saber que Deus sempre encontra lugar no cora\u00e7\u00e3o das pessoas. E \u00e9 muito positivo a gente poder se reunir, falar sobre Deus, com os cora\u00e7\u00f5es alegres e ouvir o que Ele tem para n\u00f3s\u201d, avaliou Bruno Faglione, vocalista da banda Rosa de Saron.<\/p>\n\n\n\n<p>Padre Geraldinho lembrou que a festa deve ser vivida com equil\u00edbrio. \u201c\u00c9 uma oportunidade de trazer uma mensagem positiva, de paz e amor. \u00c9 tamb\u00e9m uma oportunidade de uma festa com mais equil\u00edbrio para todas as pessoas\u201d.<\/p>\n\n\n\n<p>Bek\u00e3o disse que a inten\u00e7\u00e3o foi contagiar a todos com o amor de Deus. \u201cHoje \u00e9 um novo tempo, \u00e9 uma virada. Viemos aqui com o intuito de contagiar o Capital da F\u00e9 com essa alegria, que vem do cora\u00e7\u00e3o de Deus\u201d.<\/p>\n\n\n\n<p>E foi este mesmo sentimento de alegria saud\u00e1vel que o p\u00fablico expressou, ao acompanhar as m\u00fasicas e prega\u00e7\u00e3o de cada artista. O&nbsp;religioso da comunidade Sementes do Verbo, irm\u00e3o Samuel, 26 anos, disse que: &#8220;O&nbsp;evento \u00e9 um testemunho muito importante para avivar a f\u00e9 da comunidade&#8221;.<\/p>\n\n\n\n<p>J\u00e1 o casal Jo\u00e3o Messias, 57 anos, e Zeira Messias, 47 anos (ele vendedor, ela professora) disse que a festa toda estava irretoc\u00e1vel, desde a estrutura, at\u00e9 a escolha das atra\u00e7\u00f5es.&nbsp;&#8220;Antes de vir pra c\u00e1 passamos na missa e agora esse evento. Tudo maravilhoso&#8221;, avaliou Jo\u00e3o Messias.<\/p>\n\n\n\n<p>Outro setor que tamb\u00e9m comemorou foi o da economia de microempreendedores. A microempres\u00e1ria, Fernanda Lopes Tavares contou que este \u00e9 seu primeiro ano no Capital da F\u00e9, mas j\u00e1 faz planos para as pr\u00f3ximas edi\u00e7\u00f5es.&nbsp;&#8220;Uma festa muito boa, com boa estrutura e \u00f3timas condi\u00e7\u00f5es para com\u00e9rcio. Quero participar sempre&#8221;, afirmou Fernanda.<\/p>\n\n\n\n<p>Marciel Jos\u00e9 Nogueira, tamb\u00e9m pela primeira vez no Carnaval Crist\u00e3o, foi s\u00f3 elogios para a iniciativa da Prefeitura. &#8221; Essas festas ajudam muito a gente&nbsp;organizar as finan\u00e7as, deixar as contas em dia e at\u00e9 investir em melhores equipamentos &#8220;, disse Nogueira.<\/p>\n\n\n\n<p>Segundo informou o presidente da Agtur, Tom Lyra, o Capital da F\u00e9 \u00e9 uma alternativa pensada para a fam\u00edlia palmense neste per\u00edodo de Carnaval. &#8220;S\u00e3o 53 pequenos com\u00e9rcios, parque de divers\u00e3o, espa\u00e7o amplo e muitos shows de artistas evang\u00e9licos e cat\u00f3licos&#8221;, enumerou Lyra.&nbsp;<\/p>\n\n\n\n<p>Ele acrescenta que o Capital da F\u00e9 gera em torno de 180 postos de trabalho tempor\u00e1rios. E que a estrutura de Taquaru\u00e7u emprega cerca de 90 pessoas<\/p>\n","protected":false},"excerpt":{"rendered":"<p>A emo\u00e7\u00e3o de retornar aos palcos do Palmas Capital da F\u00e9 e reencontrar o p\u00fablico no primeiro Carnaval Crist\u00e3o&nbsp;p\u00f3s-pandemia do coronav\u00edrus foi o sentimento comum aos artistas que se apresentaram na segunda noite do evento, realizada neste s\u00e1bado, 18. Padre F\u00e1bio de Melo, banda Rosa de Saron, Padre Geraldinho e Bek\u00e3o e banda foram os [&hellip;]<\/p>\n","protected":false},"author":2,"featured_media":14814,"comment_status":"open","ping_status":"open","sticky":false,"template":"","format":"standard","meta":[],"categories":[3],"tags":[13],"_links":{"self":[{"href":"https:\/\/dgospel.com.br\/portal\/index.php\/wp-json\/wp\/v2\/posts\/14813"}],"collection":[{"href":"https:\/\/dgospel.com.br\/portal\/index.php\/wp-json\/wp\/v2\/posts"}],"about":[{"href":"https:\/\/dgospel.com.br\/portal\/index.php\/wp-json\/wp\/v2\/types\/post"}],"author":[{"embeddable":true,"href":"https:\/\/dgospel.com.br\/portal\/index.php\/wp-json\/wp\/v2\/users\/2"}],"replies":[{"embeddable":true,"href":"https:\/\/dgospel.com.br\/portal\/index.php\/wp-json\/wp\/v2\/comments?post=14813"}],"version-history":[{"count":1,"href":"https:\/\/dgospel.com.br\/portal\/index.php\/wp-json\/wp\/v2\/posts\/14813\/revisions"}],"predecessor-version":[{"id":14815,"href":"https:\/\/dgospel.com.br\/portal\/index.php\/wp-json\/wp\/v2\/posts\/14813\/revisions\/14815"}],"wp:featuredmedia":[{"embeddable":true,"href":"https:\/\/dgospel.com.br\/portal\/index.php\/wp-json\/wp\/v2\/media\/14814"}],"wp:attachment":[{"href":"https:\/\/dgospel.com.br\/portal\/index.php\/wp-json\/wp\/v2\/media?parent=14813"}],"wp:term":[{"taxonomy":"category","embeddable":true,"href":"https:\/\/dgospel.com.br\/portal\/index.php\/wp-json\/wp\/v2\/categories?post=14813"},{"taxonomy":"post_tag","embeddable":true,"href":"https:\/\/dgospel.com.br\/portal\/index.php\/wp-json\/wp\/v2\/tags?post=14813"}],"curies":[{"name":"wp","href":"https:\/\/api.w.org\/{rel}","templated":true}]}}