{"id":14816,"date":"2023-02-20T12:45:00","date_gmt":"2023-02-20T15:45:00","guid":{"rendered":"http:\/\/dgospel.com.br\/portal\/?p=14816"},"modified":"2023-02-20T12:45:01","modified_gmt":"2023-02-20T15:45:01","slug":"comerciantes-comemoram-participacao-no-palmas-capital-da-fe","status":"publish","type":"post","link":"https:\/\/dgospel.com.br\/portal\/index.php\/2023\/02\/20\/comerciantes-comemoram-participacao-no-palmas-capital-da-fe\/","title":{"rendered":"Comerciantes comemoram participa\u00e7\u00e3o no Palmas Capital da F\u00e9"},"content":{"rendered":"\n<p>Com uma programa\u00e7\u00e3o recheada de atra\u00e7\u00f5es religiosas, o Palmas Capital da F\u00e9 promovido pela Prefeitura Municipal teve in\u00edcio na sexta-feira, 17, e aqueceu a economia independente com a vila gastron\u00f4mica, \u00e1rea para vendedores ambulantes, food trucks al\u00e9m das lojas para artigos religiosos. &nbsp;&nbsp;<\/p>\n\n\n\n<p>O maior evento de m\u00fasica religiosa do Norte do pa\u00eds retornou ap\u00f3s mais de dois anos de pandemia de covid-19, com grande p\u00fablico movimentando a economia de turismo e gastronomia. Conforme ressalta o presidente da Ag\u00eancia Municipal de Turismo, &nbsp;Tom Lyra, o Palmas Capital da F\u00e9 foi elaborado com objetivo de atrair fi\u00e9is de diversas \u00e1reas do pa\u00eds. \u201cPreparamos uma mega estrutura para promover a celebra\u00e7\u00e3o da f\u00e9 e movimentar a economia independente com os espa\u00e7os de comercializa\u00e7\u00e3o, dessa forma potencializamos a cidade como um polo tur\u00edstico\u201d, disse.&nbsp;<\/p>\n\n\n\n<p>A vendedora ambulante &nbsp;Luciana Mendes, 48 anos, conta com satisfa\u00e7\u00e3o que essa \u00e9 a primeira vez que ela consegue ser sorteada para participar do Palmas Capital da F\u00e9. &nbsp;\u201cPara mim estar aqui \u00e9 muito bom, nutrimos uma expectativa durante o ano todo, s\u00e3o altas as expectativas para trabalhar nesse evento, e vamos ver como vai ser\u201d, explicou.&nbsp;<\/p>\n\n\n\n<p>J\u00e1 Sebastiana Santana, 60 anos, \u00e9 dona de uma das lojas de artigos religiosos do evento e a comerciante relata com felicidade que participou de todas as edi\u00e7\u00f5es. \u201cVenho em todas as edi\u00e7\u00f5es e em todas as vezes sempre \u00e9 muito bom, gostaria que tivesse o ano todo, \u00e9 maravilhoso\u201d, salientou.&nbsp;<\/p>\n\n\n\n<p><strong>Confira a programa\u00e7\u00e3o dos outros dias<\/strong>&nbsp;<\/p>\n\n\n\n<p><strong>Domingo,19 (Gospel\/Cat\u00f3lico)<\/strong><br>\u2022 &nbsp; &nbsp;Wesley Ribeiro<br>\u2022 &nbsp; &nbsp;Midian Lima<br>\u2022 &nbsp; &nbsp;Pe Alessandro<br>\u2022 &nbsp; &nbsp;Damares<\/p>\n\n\n\n<p><strong>Segunda, 20 (Noite Cat\u00f3lica)<\/strong><br>\u2022 &nbsp; &nbsp;Pe. Fabiano e Miss\u00e3o Sacramento&nbsp;<br>\u2022 &nbsp; &nbsp;Anjos de Resgate<br>\u2022 &nbsp; &nbsp;Catedral<br>\u2022 &nbsp; &nbsp;William Pontes<\/p>\n\n\n\n<p><strong>Ter\u00e7a, 21 (Noite Gospel)<\/strong><br>\u2022 &nbsp; &nbsp;Daniel Narom &amp; Banda&nbsp;<br>\u2022 &nbsp; &nbsp;Pregador Luo<br>\u2022 &nbsp; &nbsp;Cassiane<br>\u2022 &nbsp; Pedro Ruan &nbsp;<\/p>\n","protected":false},"excerpt":{"rendered":"<p>Com uma programa\u00e7\u00e3o recheada de atra\u00e7\u00f5es religiosas, o Palmas Capital da F\u00e9 promovido pela Prefeitura Municipal teve in\u00edcio na sexta-feira, 17, e aqueceu a economia independente com a vila gastron\u00f4mica, \u00e1rea para vendedores ambulantes, food trucks al\u00e9m das lojas para artigos religiosos. &nbsp;&nbsp; O maior evento de m\u00fasica religiosa do Norte do pa\u00eds retornou ap\u00f3s [&hellip;]<\/p>\n","protected":false},"author":2,"featured_media":14817,"comment_status":"open","ping_status":"open","sticky":false,"template":"","format":"standard","meta":[],"categories":[3],"tags":[13],"_links":{"self":[{"href":"https:\/\/dgospel.com.br\/portal\/index.php\/wp-json\/wp\/v2\/posts\/14816"}],"collection":[{"href":"https:\/\/dgospel.com.br\/portal\/index.php\/wp-json\/wp\/v2\/posts"}],"about":[{"href":"https:\/\/dgospel.com.br\/portal\/index.php\/wp-json\/wp\/v2\/types\/post"}],"author":[{"embeddable":true,"href":"https:\/\/dgospel.com.br\/portal\/index.php\/wp-json\/wp\/v2\/users\/2"}],"replies":[{"embeddable":true,"href":"https:\/\/dgospel.com.br\/portal\/index.php\/wp-json\/wp\/v2\/comments?post=14816"}],"version-history":[{"count":1,"href":"https:\/\/dgospel.com.br\/portal\/index.php\/wp-json\/wp\/v2\/posts\/14816\/revisions"}],"predecessor-version":[{"id":14818,"href":"https:\/\/dgospel.com.br\/portal\/index.php\/wp-json\/wp\/v2\/posts\/14816\/revisions\/14818"}],"wp:featuredmedia":[{"embeddable":true,"href":"https:\/\/dgospel.com.br\/portal\/index.php\/wp-json\/wp\/v2\/media\/14817"}],"wp:attachment":[{"href":"https:\/\/dgospel.com.br\/portal\/index.php\/wp-json\/wp\/v2\/media?parent=14816"}],"wp:term":[{"taxonomy":"category","embeddable":true,"href":"https:\/\/dgospel.com.br\/portal\/index.php\/wp-json\/wp\/v2\/categories?post=14816"},{"taxonomy":"post_tag","embeddable":true,"href":"https:\/\/dgospel.com.br\/portal\/index.php\/wp-json\/wp\/v2\/tags?post=14816"}],"curies":[{"name":"wp","href":"https:\/\/api.w.org\/{rel}","templated":true}]}}