{"id":14819,"date":"2023-02-20T12:47:27","date_gmt":"2023-02-20T15:47:27","guid":{"rendered":"http:\/\/dgospel.com.br\/portal\/?p=14819"},"modified":"2023-02-20T12:47:28","modified_gmt":"2023-02-20T15:47:28","slug":"mesclando-shows-catolico-e-evangelico-terceira-noite-tem-grande-numero-de-expectadores","status":"publish","type":"post","link":"https:\/\/dgospel.com.br\/portal\/index.php\/2023\/02\/20\/mesclando-shows-catolico-e-evangelico-terceira-noite-tem-grande-numero-de-expectadores\/","title":{"rendered":"Mesclando shows cat\u00f3lico e evang\u00e9lico, terceira noite tem grande n\u00famero de expectadores"},"content":{"rendered":"\n<p>Reunindo fi\u00e9is do meio evang\u00e9lico e cat\u00f3lico, a terceira noite Palmas Capital da F\u00e9, nesse domingo, 19,&nbsp;recebeu um grande p\u00fablico de fi\u00e9is para prestigiar as apresenta\u00e7\u00f5es e usufruir da infraestrutura completa. Realiza\u00e7\u00e3o da Prefeitura de Palmas, maior evento de m\u00fasica religiosa da regi\u00e3o Norte do Brasil, continua nesta segunda-feira, 20, com duas atra\u00e7\u00f5esl nacionais Anjos de Resgate e Catedral.&nbsp;<\/p>\n\n\n\n<p>Os cantores Damares, Midian Lima, Padre Alessandro Campos e Wesley Ribeiro, emocionaram e fizeram cerca de 40 mil pessoas louvarem em momentos de adora\u00e7\u00e3o. Pela primeira vez se apresentando no Palmas Capital da F\u00e9, Pe.&nbsp;Alessandro relatou sua empolga\u00e7\u00e3o ao se apresentar pela primeira vez no evento.&#8221;Hoje Palmas torna-se a capital da f\u00e9 e estamos aqui em um&nbsp;momento muito especial,&nbsp;o carnaval; mas \u00e9 o carnaval diferente. Subirei no palco para louvar a Jesus Cristo e levar est\u00e1 plateia ao del\u00edrio do senhor&#8221;, disse com empolga\u00e7\u00e3o.<\/p>\n\n\n\n<blockquote class=\"wp-block-quote\"><p><a href=\"https:\/\/agenciapalmas.com\/Fotos\/158777\/Capital-da-F%C3%A9-2023---3%C2%AA-noite-Lia-Mara\" target=\"_blank\" rel=\"noreferrer noopener\">Confira a galeria de fotos da Terceira noite do Palmas Capital da F\u00e9 2023<\/a><\/p><\/blockquote>\n\n\n\n<p>O presidente da Ag\u00eancia de Turismo, Tom Lyra, salienta que o evento traz&nbsp;benef\u00edcios para a movimenta\u00e7\u00e3o tur\u00edstica de Palmas. &#8220;S\u00e3o apresenta\u00e7\u00f5es de grandes nomes nacionais que atraem muitas pessoas de diversas \u00e1reas do pa\u00eds para vivenciar a experi\u00eancia deste grande evento. Dessa forma o circuito tur\u00edstico de Palmas entra em destaque&#8221;, explicou.<\/p>\n\n\n\n<p><strong>Infraestrutura<\/strong><\/p>\n\n\n\n<p>O Palmas Capital da F\u00e9&nbsp;2023 traz&nbsp;grande&nbsp;pra\u00e7a de alimenta\u00e7\u00e3o coberta,&nbsp;com &nbsp;22 estandes de lanches, comidas&nbsp;e oito food trucks, e ainda tr\u00eas estandes de artigos crist\u00e3os. Outro forte atrativo que integra a infraestrutura do evento \u00e9 o espa\u00e7o kids, destinado aos pais que queiram levar seus filhos para ter um momento de divers\u00e3o, conta com tr\u00eas escorregadores infl\u00e1veis, uma cama el\u00e1stica, um touro mec\u00e2nico e uma \u00e1rea social destinada as crian\u00e7as menores de 3 anos.&nbsp;<\/p>\n\n\n\n<p>A cabeleireira Ivonete doa Santos, de 40 anos, m\u00e3e do pequeno Jo\u00e3o Miguel, ressalta que o espa\u00e7o kids do evento foi de grande utilidade para os pais, que desejavam aproveitar mais os shows. &#8220;Eu achei \u00f3timo a ideia, bem diferenciado&nbsp;dos outros anos, feito para termos essa liberdade e para os pais aproveitarem tamb\u00e9m. H\u00e1 uma variedade de brinquedos e todos bem interativos&#8221;, disse.<\/p>\n\n\n\n<p><strong>Programa\u00e7\u00e3o<\/strong><\/p>\n\n\n\n<p><strong>Segunda, 20 (Noite Cat\u00f3lica)<\/strong><br>\u2022 &nbsp;&nbsp;&nbsp;Pe. Fabiano e Miss\u00e3o Sacramento&nbsp;<br>\u2022 &nbsp;&nbsp;&nbsp;Anjos de&nbsp;Resgate<br>\u2022 &nbsp;&nbsp;&nbsp;Catedral<br>\u2022 &nbsp;&nbsp;&nbsp;William Pontes<\/p>\n\n\n\n<p><strong>Ter\u00e7a, 21 (Noite Gospel)<\/strong><br>\u2022 &nbsp;&nbsp;&nbsp;Daniel Narom &amp; Banda&nbsp;<br>\u2022 &nbsp;&nbsp;&nbsp;Pregador Luo<br>\u2022 &nbsp;&nbsp;&nbsp;Cassiane<br>\u2022 &nbsp;&nbsp;Pedro Ruan<\/p>\n","protected":false},"excerpt":{"rendered":"<p>Reunindo fi\u00e9is do meio evang\u00e9lico e cat\u00f3lico, a terceira noite Palmas Capital da F\u00e9, nesse domingo, 19,&nbsp;recebeu um grande p\u00fablico de fi\u00e9is para prestigiar as apresenta\u00e7\u00f5es e usufruir da infraestrutura completa. Realiza\u00e7\u00e3o da Prefeitura de Palmas, maior evento de m\u00fasica religiosa da regi\u00e3o Norte do Brasil, continua nesta segunda-feira, 20, com duas atra\u00e7\u00f5esl nacionais Anjos [&hellip;]<\/p>\n","protected":false},"author":2,"featured_media":14820,"comment_status":"open","ping_status":"open","sticky":false,"template":"","format":"standard","meta":[],"categories":[3],"tags":[13],"_links":{"self":[{"href":"https:\/\/dgospel.com.br\/portal\/index.php\/wp-json\/wp\/v2\/posts\/14819"}],"collection":[{"href":"https:\/\/dgospel.com.br\/portal\/index.php\/wp-json\/wp\/v2\/posts"}],"about":[{"href":"https:\/\/dgospel.com.br\/portal\/index.php\/wp-json\/wp\/v2\/types\/post"}],"author":[{"embeddable":true,"href":"https:\/\/dgospel.com.br\/portal\/index.php\/wp-json\/wp\/v2\/users\/2"}],"replies":[{"embeddable":true,"href":"https:\/\/dgospel.com.br\/portal\/index.php\/wp-json\/wp\/v2\/comments?post=14819"}],"version-history":[{"count":1,"href":"https:\/\/dgospel.com.br\/portal\/index.php\/wp-json\/wp\/v2\/posts\/14819\/revisions"}],"predecessor-version":[{"id":14821,"href":"https:\/\/dgospel.com.br\/portal\/index.php\/wp-json\/wp\/v2\/posts\/14819\/revisions\/14821"}],"wp:featuredmedia":[{"embeddable":true,"href":"https:\/\/dgospel.com.br\/portal\/index.php\/wp-json\/wp\/v2\/media\/14820"}],"wp:attachment":[{"href":"https:\/\/dgospel.com.br\/portal\/index.php\/wp-json\/wp\/v2\/media?parent=14819"}],"wp:term":[{"taxonomy":"category","embeddable":true,"href":"https:\/\/dgospel.com.br\/portal\/index.php\/wp-json\/wp\/v2\/categories?post=14819"},{"taxonomy":"post_tag","embeddable":true,"href":"https:\/\/dgospel.com.br\/portal\/index.php\/wp-json\/wp\/v2\/tags?post=14819"}],"curies":[{"name":"wp","href":"https:\/\/api.w.org\/{rel}","templated":true}]}}