{"id":14833,"date":"2023-02-21T09:06:38","date_gmt":"2023-02-21T12:06:38","guid":{"rendered":"http:\/\/dgospel.com.br\/portal\/?p=14833"},"modified":"2023-02-21T09:06:40","modified_gmt":"2023-02-21T12:06:40","slug":"deputados-apresentam-projetos-para-proibir-linguagem-neutra-nas-escolas","status":"publish","type":"post","link":"https:\/\/dgospel.com.br\/portal\/index.php\/2023\/02\/21\/deputados-apresentam-projetos-para-proibir-linguagem-neutra-nas-escolas\/","title":{"rendered":"Deputados apresentam projetos para proibir \u2018linguagem neutra\u2019 nas escolas"},"content":{"rendered":"\n<p>Preocupados com o avan\u00e7o das tentativas de oficializar a \u201clinguagem neutra\u201d,<a href=\"https:\/\/revistaoeste.com\/no-ponto\/agencia-brasil-adere-a-linguagem-neutra\/\">&nbsp;<strong>como um recente texto da Ag\u00eancia Brasil<\/strong><\/a>, escrito usando termos \u201cneutros\u201d, inexistentes na l\u00edngua portuguesa, deputados federais apresentaram quatro projetos de lei para proibir o ensino desse tipo de artif\u00edcio lingu\u00edstico nas escolas do pa\u00eds. Segundo seus defensores, a \u201clinguagem neutra\u201d seria inclusiva em rela\u00e7\u00e3o a pessoas que n\u00e3o se reconhecem nem do sexo feminino nem do sexo masculino.<\/p>\n\n\n\n<p>Alguns Estados e munic\u00edpios j\u00e1 aprovaram ou discutem leis para proibir a \u201clinguagem neutra\u201d. A primeira norma a ter a constitucionalidade analisada foi uma lei estadual de Rond\u00f4nia que proibia o uso desse expediente nas escolas e em editais de concursos p\u00fablicos realizados no Estado. Em 10 de fevereiro, o Supremo Tribunal Federal (STF) declarou a lei inconstitucional, alegando que apenas a Uni\u00e3o tem compet\u00eancia para legislar sobre normas gerais das diretrizes e bases da educa\u00e7\u00e3o.<\/p>\n\n\n\n<p>Com isso, os quatro projetos, de maneira geral, fazem altera\u00e7\u00e3o na Lei de Diretrizes e Bases da Educa\u00e7\u00e3o (Lei 9.394\/1996), proibindo na educa\u00e7\u00e3o b\u00e1sica o \u201cg\u00eanero neutro\u201d, inexistente na l\u00edngua portuguesa. O deputado Kim Kataguiri (Uni\u00e3o-SP), com o<a href=\"https:\/\/www.camara.leg.br\/proposicoesWeb\/prop_mostrarintegra?codteor=2232397&amp;filename=PL%20198\/2023\">&nbsp;<strong>Projeto 198\/2023<\/strong><\/a>, quer \u201ctirar da sala de aula ideologias radicais, que veem no aluno uma oportunidade de exercer doutrina\u00e7\u00e3o, e restaurar a tarefa da escola de ensinar conte\u00fado \u00fatil e s\u00e9rio\u201d, segundo afirmou o parlamentar, na justificativa. \u201cObservamos, nos \u00faltimos anos, um aumento no uso da chamada \u2018linguagem neutra\u2019, que em nada contribui com a miss\u00e3o educacional de forma\u00e7\u00e3o dos alunos.\u201d<\/p>\n\n\n\n<p>Autor do<a href=\"https:\/\/www.camara.leg.br\/proposicoesWeb\/prop_mostrarintegra?codteor=2234712&amp;filename=PL%20450\/2023\">&nbsp;<strong>Projeto 450\/2023<\/strong><\/a>, Roberto Duarte (Republicanos-AC) afirmou que a linguagem neutra \u201cdeturpa\u201d a l\u00edngua portuguesa e piora a aprendizagem, j\u00e1 comprometida, conforme mostraram as avalia\u00e7\u00f5es dos alunos nessa disciplina. \u201cDessa forma, o fundamental \u00e9 centrar esfor\u00e7os no ensinamento da norma culta e nas regras gramaticais, de forma a proteger os alunos de tergiversa\u00e7\u00e3o sem qualquer amparo cient\u00edfico e l\u00f3gico.\u201d<\/p>\n\n\n\n<p>Coronel Chris\u00f3stomo (PL\/RO), autor do<a href=\"https:\/\/www.camara.leg.br\/proposicoesWeb\/prop_mostrarintegra?codteor=2234821&amp;filename=PL%20466\/2023\">&nbsp;<strong>Projeto 466\/2023<\/strong><\/a>, tamb\u00e9m menciona o d\u00e9ficit educacional, e afirma que a linguagem neutra \u201catrapalha a compreens\u00e3o das pessoas que t\u00eam dislexia, confunde os surdos que se comunicam atrav\u00e9s da leitura labial e atrapalha os cegos que leem atrav\u00e9s de&nbsp;<em>softwares,<\/em>&nbsp;j\u00e1 que os aparelhos precisariam ser reconfigurados para abarcar o \u2018dialeto\u2019\u201d.<\/p>\n\n\n\n<p>O Delegado Marcelo Freitas (Uni\u00e3o\/MG), que protocolou o<a href=\"https:\/\/www.camara.leg.br\/proposicoesWeb\/prop_mostrarintegra?codteor=2236294&amp;filename=PL%20601\/2023\">&nbsp;<strong>Projeto 601\/2023<\/strong><\/a>, citou a recente decis\u00e3o do STF, afirmando que ante a aus\u00eancia de norma geral proibitiva sobre o assunto (linguagem neutra), \u00e9 necess\u00e1rio que o Congresso aprove a norma. \u201cA l\u00edngua \u00e9 um padr\u00e3o! A linguagem, com o tempo, pode sofrer varia\u00e7\u00f5es, mas n\u00e3o imposi\u00e7\u00f5es que queiram perverter as classes lingu\u00edsticas, como tem ocorrido recentemente em nosso pa\u00eds\u201d, justificou.<\/p>\n\n\n\n<p>Os projetos ser\u00e3o analisados pelas comiss\u00f5es t\u00e9cnicas permanentes da C\u00e2mara e, em seguida, v\u00e3o ao Plen\u00e1rio.<\/p>\n","protected":false},"excerpt":{"rendered":"<p>Preocupados com o avan\u00e7o das tentativas de oficializar a \u201clinguagem neutra\u201d,&nbsp;como um recente texto da Ag\u00eancia Brasil, escrito usando termos \u201cneutros\u201d, inexistentes na l\u00edngua portuguesa, deputados federais apresentaram quatro projetos de lei para proibir o ensino desse tipo de artif\u00edcio lingu\u00edstico nas escolas do pa\u00eds. Segundo seus defensores, a \u201clinguagem neutra\u201d seria inclusiva em rela\u00e7\u00e3o [&hellip;]<\/p>\n","protected":false},"author":2,"featured_media":14834,"comment_status":"open","ping_status":"open","sticky":false,"template":"","format":"standard","meta":[],"categories":[8],"tags":[],"_links":{"self":[{"href":"https:\/\/dgospel.com.br\/portal\/index.php\/wp-json\/wp\/v2\/posts\/14833"}],"collection":[{"href":"https:\/\/dgospel.com.br\/portal\/index.php\/wp-json\/wp\/v2\/posts"}],"about":[{"href":"https:\/\/dgospel.com.br\/portal\/index.php\/wp-json\/wp\/v2\/types\/post"}],"author":[{"embeddable":true,"href":"https:\/\/dgospel.com.br\/portal\/index.php\/wp-json\/wp\/v2\/users\/2"}],"replies":[{"embeddable":true,"href":"https:\/\/dgospel.com.br\/portal\/index.php\/wp-json\/wp\/v2\/comments?post=14833"}],"version-history":[{"count":1,"href":"https:\/\/dgospel.com.br\/portal\/index.php\/wp-json\/wp\/v2\/posts\/14833\/revisions"}],"predecessor-version":[{"id":14835,"href":"https:\/\/dgospel.com.br\/portal\/index.php\/wp-json\/wp\/v2\/posts\/14833\/revisions\/14835"}],"wp:featuredmedia":[{"embeddable":true,"href":"https:\/\/dgospel.com.br\/portal\/index.php\/wp-json\/wp\/v2\/media\/14834"}],"wp:attachment":[{"href":"https:\/\/dgospel.com.br\/portal\/index.php\/wp-json\/wp\/v2\/media?parent=14833"}],"wp:term":[{"taxonomy":"category","embeddable":true,"href":"https:\/\/dgospel.com.br\/portal\/index.php\/wp-json\/wp\/v2\/categories?post=14833"},{"taxonomy":"post_tag","embeddable":true,"href":"https:\/\/dgospel.com.br\/portal\/index.php\/wp-json\/wp\/v2\/tags?post=14833"}],"curies":[{"name":"wp","href":"https:\/\/api.w.org\/{rel}","templated":true}]}}