{"id":14842,"date":"2023-02-21T21:09:50","date_gmt":"2023-02-22T00:09:50","guid":{"rendered":"http:\/\/dgospel.com.br\/portal\/?p=14842"},"modified":"2023-02-21T21:09:50","modified_gmt":"2023-02-22T00:09:50","slug":"petista-quer-linguagem-inclusiva-obrigatoria-em-documentos","status":"publish","type":"post","link":"https:\/\/dgospel.com.br\/portal\/index.php\/2023\/02\/21\/petista-quer-linguagem-inclusiva-obrigatoria-em-documentos\/","title":{"rendered":"Petista quer linguagem inclusiva obrigat\u00f3ria em documentos"},"content":{"rendered":"\n<p>A deputada federal Erika Kokay (PT-DF) protocolou um projeto de lei que deseja tornar obrigat\u00f3rio o uso da linguagem inclusiva em documentos oficiais. Se aprovado e sancionado, o uso se torna obrigat\u00f3rio para atos normativos, editais e outros documentos da Administra\u00e7\u00e3o P\u00fablica.<\/p>\n\n\n\n<p>Kokay n\u00e3o pede pela inclus\u00e3o termos considerados neutros como \u201ctodxs\u201d ou \u201ctodes\u201d, mas sim pelo \u201cuso de voc\u00e1bulos que designem o g\u00eanero feminino em substitui\u00e7\u00e3o a voc\u00e1bulos de flex\u00e3o masculina\u201d.<\/p>\n\n\n\n<p>Neste caso, se o documento estiver a palavra todos, ter\u00e1 que incluir tamb\u00e9m a palavra todas.<\/p>\n\n\n\n<p>\u2013 Quando da refer\u00eancia a cargo, emprego ou fun\u00e7\u00e3o p\u00fablica ou posto, patente ou gradua\u00e7\u00e3o, far-se-\u00e1 a devida flex\u00e3o do respectivo g\u00eanero de acordo com o sexo ou identifica\u00e7\u00e3o de g\u00eanero do ocupante ou da ocupante, utilizando-se recursos de flex\u00e3o e concord\u00e2ncia da l\u00edngua portuguesa \u2013 diz trecho do projeto de lei apresentado na C\u00e2mara dos Deputados.<\/p>\n\n\n\n<p>A justificativa do projeto aponta para a desigualdade de g\u00eanero entre homens e mulher.<\/p>\n\n\n\n<p>\u2013 Nesse sentido, este Projeto de Lei estabelece a obrigatoriedade da utiliza\u00e7\u00e3o da linguagem inclusiva de g\u00eanero na reda\u00e7\u00e3o de atos normativos, editais e demais documentos oficiais no \u00e2mbito da Administra\u00e7\u00e3o P\u00fablica, direta e indireta, de todos os entes e Poderes da Rep\u00fablica \u2013 destaca Kokay.<\/p>\n","protected":false},"excerpt":{"rendered":"<p>A deputada federal Erika Kokay (PT-DF) protocolou um projeto de lei que deseja tornar obrigat\u00f3rio o uso da linguagem inclusiva em documentos oficiais. Se aprovado e sancionado, o uso se torna obrigat\u00f3rio para atos normativos, editais e outros documentos da Administra\u00e7\u00e3o P\u00fablica. Kokay n\u00e3o pede pela inclus\u00e3o termos considerados neutros como \u201ctodxs\u201d ou \u201ctodes\u201d, mas [&hellip;]<\/p>\n","protected":false},"author":2,"featured_media":14843,"comment_status":"open","ping_status":"open","sticky":false,"template":"","format":"standard","meta":[],"categories":[10],"tags":[],"_links":{"self":[{"href":"https:\/\/dgospel.com.br\/portal\/index.php\/wp-json\/wp\/v2\/posts\/14842"}],"collection":[{"href":"https:\/\/dgospel.com.br\/portal\/index.php\/wp-json\/wp\/v2\/posts"}],"about":[{"href":"https:\/\/dgospel.com.br\/portal\/index.php\/wp-json\/wp\/v2\/types\/post"}],"author":[{"embeddable":true,"href":"https:\/\/dgospel.com.br\/portal\/index.php\/wp-json\/wp\/v2\/users\/2"}],"replies":[{"embeddable":true,"href":"https:\/\/dgospel.com.br\/portal\/index.php\/wp-json\/wp\/v2\/comments?post=14842"}],"version-history":[{"count":1,"href":"https:\/\/dgospel.com.br\/portal\/index.php\/wp-json\/wp\/v2\/posts\/14842\/revisions"}],"predecessor-version":[{"id":14844,"href":"https:\/\/dgospel.com.br\/portal\/index.php\/wp-json\/wp\/v2\/posts\/14842\/revisions\/14844"}],"wp:featuredmedia":[{"embeddable":true,"href":"https:\/\/dgospel.com.br\/portal\/index.php\/wp-json\/wp\/v2\/media\/14843"}],"wp:attachment":[{"href":"https:\/\/dgospel.com.br\/portal\/index.php\/wp-json\/wp\/v2\/media?parent=14842"}],"wp:term":[{"taxonomy":"category","embeddable":true,"href":"https:\/\/dgospel.com.br\/portal\/index.php\/wp-json\/wp\/v2\/categories?post=14842"},{"taxonomy":"post_tag","embeddable":true,"href":"https:\/\/dgospel.com.br\/portal\/index.php\/wp-json\/wp\/v2\/tags?post=14842"}],"curies":[{"name":"wp","href":"https:\/\/api.w.org\/{rel}","templated":true}]}}