{"id":14845,"date":"2023-02-21T21:24:01","date_gmt":"2023-02-22T00:24:01","guid":{"rendered":"http:\/\/dgospel.com.br\/portal\/?p=14845"},"modified":"2023-02-21T21:24:02","modified_gmt":"2023-02-22T00:24:02","slug":"verba-federal-de-prevencao-de-desastres-e-a-menor-em-14-anos","status":"publish","type":"post","link":"https:\/\/dgospel.com.br\/portal\/index.php\/2023\/02\/21\/verba-federal-de-prevencao-de-desastres-e-a-menor-em-14-anos\/","title":{"rendered":"Verba federal de preven\u00e7\u00e3o de desastres \u00e9 a menor em 14 anos"},"content":{"rendered":"\n<p>O or\u00e7amento do governo federal neste ano para preven\u00e7\u00e3o e recupera\u00e7\u00e3o de desastres \u00e9 o menor dos \u00faltimos 14 anos: R$ 1,17 bilh\u00e3o. Esse dinheiro \u00e9 usado para evitar trag\u00e9dias como a do litoral norte de S\u00e3o Paulo, onde as fortes chuvas deixaram mais de 40 mortos e seis cidades em calamidade.<\/p>\n\n\n\n<p>Os valores reservados para a gest\u00e3o de riscos e desastres v\u00eam caindo nos \u00faltimos anos. Em 2013, a cifra chegou a R$ 11,5 bilh\u00f5es, atualizados pela infla\u00e7\u00e3o. Uma cifra dez vezes maior do que a dispon\u00edvel para este ano, segundo levantamento feito pela ONG Contas Abertas. Em 2010, in\u00edcio da s\u00e9rie hist\u00f3rica, eram R$ 9,4 bilh\u00f5es.<\/p>\n\n\n\n<p>\u2013 Todo ano sabemos que esse problema vai acontecer, sabemos a \u00e9poca que vai acontecer e at\u00e9 mesmo os locais onde isso vai acontecer, mas acaba se repetindo \u2013 afirma o economista Gil Castello Branco, do Contas Abertas.<\/p>\n\n\n\n<p>\u2013 Esse filme n\u00f3s conhecemos bem. Ap\u00f3s as trag\u00e9dias, as autoridades sobrevoam as \u00e1reas atingidas e prometem recursos emergenciais, mas no ano seguinte os fatos voltam a se repetir \u2013 se queixou.<\/p>\n\n\n\n<p>O pr\u00f3prio Gil Castello Branco \u00e9 um dos atingidos pelas chuvas. Quando conversou com a reportagem, ele estava com a mulher, filhas e netos em Bertioga. O pr\u00e9dio onde estavam n\u00e3o tinha \u00e1gua, os elevadores pararam e a garagem inundou.<\/p>\n\n\n\n<p>\u2013 Estamos tendo de comprar caminh\u00f5es-pipa. Jamais imaginei que a situa\u00e7\u00e3o fosse ser dessa dimens\u00e3o \u2013 disse.<\/p>\n\n\n\n<p><strong>HIST\u00d3RICO<\/strong><br>Os temporais que atingiram a regi\u00e3o se tornaram o maior fen\u00f4meno desse tipo na hist\u00f3ria do Brasil, de acordo com os registros do Centro Nacional de Monitoramento e Alertas de Desastres Naturais (Cemaden). As chuvas que ca\u00edram no \u00faltimo s\u00e1bado e domingo resultaram no acumulado de 682 mil\u00edmetros em Bertioga e 626 mm em S\u00e3o Sebasti\u00e3o.<\/p>\n\n\n\n<p>*AE<\/p>\n","protected":false},"excerpt":{"rendered":"<p>O or\u00e7amento do governo federal neste ano para preven\u00e7\u00e3o e recupera\u00e7\u00e3o de desastres \u00e9 o menor dos \u00faltimos 14 anos: R$ 1,17 bilh\u00e3o. Esse dinheiro \u00e9 usado para evitar trag\u00e9dias como a do litoral norte de S\u00e3o Paulo, onde as fortes chuvas deixaram mais de 40 mortos e seis cidades em calamidade. Os valores reservados [&hellip;]<\/p>\n","protected":false},"author":2,"featured_media":14846,"comment_status":"open","ping_status":"open","sticky":false,"template":"","format":"standard","meta":[],"categories":[10],"tags":[],"_links":{"self":[{"href":"https:\/\/dgospel.com.br\/portal\/index.php\/wp-json\/wp\/v2\/posts\/14845"}],"collection":[{"href":"https:\/\/dgospel.com.br\/portal\/index.php\/wp-json\/wp\/v2\/posts"}],"about":[{"href":"https:\/\/dgospel.com.br\/portal\/index.php\/wp-json\/wp\/v2\/types\/post"}],"author":[{"embeddable":true,"href":"https:\/\/dgospel.com.br\/portal\/index.php\/wp-json\/wp\/v2\/users\/2"}],"replies":[{"embeddable":true,"href":"https:\/\/dgospel.com.br\/portal\/index.php\/wp-json\/wp\/v2\/comments?post=14845"}],"version-history":[{"count":1,"href":"https:\/\/dgospel.com.br\/portal\/index.php\/wp-json\/wp\/v2\/posts\/14845\/revisions"}],"predecessor-version":[{"id":14847,"href":"https:\/\/dgospel.com.br\/portal\/index.php\/wp-json\/wp\/v2\/posts\/14845\/revisions\/14847"}],"wp:featuredmedia":[{"embeddable":true,"href":"https:\/\/dgospel.com.br\/portal\/index.php\/wp-json\/wp\/v2\/media\/14846"}],"wp:attachment":[{"href":"https:\/\/dgospel.com.br\/portal\/index.php\/wp-json\/wp\/v2\/media?parent=14845"}],"wp:term":[{"taxonomy":"category","embeddable":true,"href":"https:\/\/dgospel.com.br\/portal\/index.php\/wp-json\/wp\/v2\/categories?post=14845"},{"taxonomy":"post_tag","embeddable":true,"href":"https:\/\/dgospel.com.br\/portal\/index.php\/wp-json\/wp\/v2\/tags?post=14845"}],"curies":[{"name":"wp","href":"https:\/\/api.w.org\/{rel}","templated":true}]}}