{"id":14854,"date":"2023-02-24T17:07:45","date_gmt":"2023-02-24T20:07:45","guid":{"rendered":"http:\/\/dgospel.com.br\/portal\/?p=14854"},"modified":"2023-02-24T17:07:46","modified_gmt":"2023-02-24T20:07:46","slug":"omep-to-se-prepara-para-realizar-marcha-para-jesus-2023-2","status":"publish","type":"post","link":"https:\/\/dgospel.com.br\/portal\/index.php\/2023\/02\/24\/omep-to-se-prepara-para-realizar-marcha-para-jesus-2023-2\/","title":{"rendered":"OMEP-TO se prepara para realizar Marcha para Jesus 2023"},"content":{"rendered":"\n<p>Consciente da responsabilidade de contribuir na promo\u00e7\u00e3o da unidade do povo de Deus na capital, a  Ordem dos Ministros do Evangelho de Palmas (OMEP-TO) por meio da diretoria, se reuniu na segunda-feira 20 de fevereiro, para tratar do tema: Marcha para Jesus 2023 que ser\u00e1 realizada no dia 20 de maio deste ano, com o tema \u2018A IGREJA EST\u00c1 DE P\u00c9\u2019 fundamentada na palavra de Deus escrita em Mateus 16:18.<\/p>\n\n\n\n<p>De acordo com o Presidente da OMEP, ap\u00f3stolo Tertuliano, a unidade da igreja est\u00e1 acima de sentimentos denominacionais, pol\u00edticos e pessoais. \u201cMuito se ouve falar de marchas, pessoas no mundo inteiro marcham pela casa pr\u00f3pria, por um peda\u00e7o de terra, em busca de sa\u00fade, em busca de conv\u00e9nios, em protesto aos governantes e outros motivos, mas no dia 20 de maio 2023 o povo de Deus estar\u00e1 marchando para o Rei Jesus em Palmas\u201d, disse o Presidente durante a reuni\u00e3o.<\/p>\n\n\n\n<figure class=\"wp-block-image size-large\"><img loading=\"lazy\" width=\"1024\" height=\"768\" src=\"http:\/\/dgospel.com.br\/portal\/wp-content\/uploads\/2023\/02\/0000-3-1024x768.jpg\" alt=\"\" class=\"wp-image-14855\" srcset=\"https:\/\/dgospel.com.br\/portal\/wp-content\/uploads\/2023\/02\/0000-3-1024x768.jpg 1024w, https:\/\/dgospel.com.br\/portal\/wp-content\/uploads\/2023\/02\/0000-3-300x225.jpg 300w, https:\/\/dgospel.com.br\/portal\/wp-content\/uploads\/2023\/02\/0000-3-768x576.jpg 768w, https:\/\/dgospel.com.br\/portal\/wp-content\/uploads\/2023\/02\/0000-3-1536x1152.jpg 1536w, https:\/\/dgospel.com.br\/portal\/wp-content\/uploads\/2023\/02\/0000-3.jpg 1600w\" sizes=\"(max-width: 1024px) 100vw, 1024px\" \/><\/figure>\n\n\n\n<p>O presidente disse ainda que, a Igreja de Cristo composta de muitas denomina\u00e7\u00f5es estar\u00e1 reverenciando o nome de Jesus e dizendo publicamente que o reconhece como \u00fanico Senhor e Salvador da humanidade, ocasi\u00e3o em que estar\u00e1 declarando que Palma \u00e9 do Senhor Jesus.<\/p>\n\n\n\n<p>Sobre a import\u00e2ncia do evento, o presidente disse que, dado a pluralidade de Minist\u00e9rios, os usos e costumes, administra\u00e7\u00e3o eclesi\u00e1stica, a cobertura espiritual, diferentes cargos ministeriais, origens pentecostais, neo pentecostais e tradicionais, torna a marcha de acentuada import\u00e2ncia para Deus, que capacitou seu povo de maturidade e capacidade de transpor as barreiras tempor\u00e1rias provando que mesmo sendo diferentes, tem o mesmo sentimento crist\u00e3o, a mesma f\u00e9, o mesmo batismo, a mesma esperan\u00e7a, aguardam o mesmo c\u00e9u e que s\u00e3o capazes de por tudo isto administrar as diferen\u00e7as para dizer: EM CRISTO SOMOS UM, NO CALV\u00c1RIO TEMOS O MESMO VALOR, POR JESUS E A SUA IGREJA VAMOS AS ULTIMAS CONSEQU\u00caNCIAS.<\/p>\n\n\n\n<p>\u201cNingu\u00e9m precisa ser como o outro, para marchar para Jesus, basta estar no Calv\u00e1rio, ter f\u00e9 e galhardia em rela\u00e7\u00e3o ao irm\u00e3o\u201d, explicou.<\/p>\n\n\n\n<p>&nbsp;Na reuni\u00e3o foi definido o trajeto da Marcha, que iniciar\u00e1 com uma Concentra\u00e7\u00e3o no estacionamento do Poder Executivo Estadual e F\u00f3rum onde ser\u00e1 feito o primeiro Ato prof\u00e9tico pelo Ap. Coraiola com um abra\u00e7o prof\u00e9tico no F\u00f3rum<\/p>\n\n\n\n<p>Depois seguir\u00e1 uma carreata, cavalgada e motociata pela Av. Teot\u00f3nio Segurado rumo a rotat\u00f3ria da NS 3 seguindo at\u00e9 o col\u00e9gio Marista em dire\u00e7\u00e3o a Igreja de Cristo. E caminhada da Rotat\u00f3ria da Igreja de Cristo at\u00e9 o Pal\u00e1cio<\/p>\n\n\n\n<p>Em seguida o segundo Ato prof\u00e9tico pelo Ap. Tertuliano, onde ser\u00e1 realizado um Abra\u00e7o no Pal\u00e1cio Araguaia e toda Pra\u00e7a dos Girass\u00f3is.<\/p>\n\n\n\n<p>Depois o terceiro ato prof\u00e9tico realizado pelo Bispo Emanoel, com um abra\u00e7o Assembleia Legislativa, e Concentra\u00e7\u00e3o na Pra\u00e7a dos Girass\u00f3is onde ser\u00e1 montado um palco.<\/p>\n\n\n\n<p><strong>PREPARA\u00c7\u00c3O<\/strong><\/p>\n\n\n\n<p>Os l\u00edderes definiram durante a reuni\u00e3o que haver\u00e1 toda uma prepara\u00e7\u00e3o para a realiza\u00e7\u00e3o do evento. Come\u00e7ando com Jejum, que iniciar\u00e1 no in\u00edcio de m\u00eas de mar\u00e7o e terminar\u00e1 no final do m\u00eas de abril 2023 &#8211; 60 dias de jejum.<\/p>\n\n\n\n<p>Ora\u00e7\u00e3o: 1000 horas nas igrejas parceiras (programa\u00e7\u00e3o local).<\/p>\n\n\n\n<p>Vig\u00edlias: 11 (22 horas).<\/p>\n\n\n\n<p>Vig\u00edlia dos l\u00edderes.<\/p>\n\n\n\n<p>Dia 13 de maio: Acender a tocha (candelabro) 00h00 de sexta feira dia 13\/05\/2023.<\/p>\n\n\n\n<p>144 horas de ora\u00e7\u00e3o: Come\u00e7a com o ascender da tocha e termina as 00h00 da noite de sexta 19\/05\/2023. na pra\u00e7a da B\u00edblia no Centro Geod\u00e9sico do Brasil.<\/p>\n\n\n\n<p>Dia 19 de maio dia &#8220;D&#8221;: Ocupar todas as entradas e sa\u00eddas da cidade, distribuir grupos de ora\u00e7\u00e3o para profetizar sobre: Pal\u00e1cio, Assembleia Legislativa, T.R.E, Tribunal de justi\u00e7a, Minist\u00e9rio P\u00fablico, F\u00f3rum, prefeitura, C\u00e2mara Municipal, penitenci\u00e1ria, aeroporto, rodovi\u00e1ria, Ulbra, Mirante de Palmas e Mirante de Taquaru\u00e7u.<\/p>\n","protected":false},"excerpt":{"rendered":"<p>Consciente da responsabilidade de contribuir na promo\u00e7\u00e3o da unidade do povo de Deus na capital, a Ordem dos Ministros do Evangelho de Palmas (OMEP-TO) por meio da diretoria, se reuniu na segunda-feira 20 de fevereiro, para tratar do tema: Marcha para Jesus 2023 que ser\u00e1 realizada no dia 20 de maio deste ano, com o [&hellip;]<\/p>\n","protected":false},"author":2,"featured_media":14831,"comment_status":"open","ping_status":"open","sticky":false,"template":"","format":"standard","meta":[],"categories":[5],"tags":[],"_links":{"self":[{"href":"https:\/\/dgospel.com.br\/portal\/index.php\/wp-json\/wp\/v2\/posts\/14854"}],"collection":[{"href":"https:\/\/dgospel.com.br\/portal\/index.php\/wp-json\/wp\/v2\/posts"}],"about":[{"href":"https:\/\/dgospel.com.br\/portal\/index.php\/wp-json\/wp\/v2\/types\/post"}],"author":[{"embeddable":true,"href":"https:\/\/dgospel.com.br\/portal\/index.php\/wp-json\/wp\/v2\/users\/2"}],"replies":[{"embeddable":true,"href":"https:\/\/dgospel.com.br\/portal\/index.php\/wp-json\/wp\/v2\/comments?post=14854"}],"version-history":[{"count":1,"href":"https:\/\/dgospel.com.br\/portal\/index.php\/wp-json\/wp\/v2\/posts\/14854\/revisions"}],"predecessor-version":[{"id":14856,"href":"https:\/\/dgospel.com.br\/portal\/index.php\/wp-json\/wp\/v2\/posts\/14854\/revisions\/14856"}],"wp:featuredmedia":[{"embeddable":true,"href":"https:\/\/dgospel.com.br\/portal\/index.php\/wp-json\/wp\/v2\/media\/14831"}],"wp:attachment":[{"href":"https:\/\/dgospel.com.br\/portal\/index.php\/wp-json\/wp\/v2\/media?parent=14854"}],"wp:term":[{"taxonomy":"category","embeddable":true,"href":"https:\/\/dgospel.com.br\/portal\/index.php\/wp-json\/wp\/v2\/categories?post=14854"},{"taxonomy":"post_tag","embeddable":true,"href":"https:\/\/dgospel.com.br\/portal\/index.php\/wp-json\/wp\/v2\/tags?post=14854"}],"curies":[{"name":"wp","href":"https:\/\/api.w.org\/{rel}","templated":true}]}}