{"id":14857,"date":"2023-02-24T17:12:55","date_gmt":"2023-02-24T20:12:55","guid":{"rendered":"http:\/\/dgospel.com.br\/portal\/?p=14857"},"modified":"2023-02-24T17:12:56","modified_gmt":"2023-02-24T20:12:56","slug":"saude-mental-nas-escolas-publicas-e-tema-do-programa-jovem-senador-2023","status":"publish","type":"post","link":"https:\/\/dgospel.com.br\/portal\/index.php\/2023\/02\/24\/saude-mental-nas-escolas-publicas-e-tema-do-programa-jovem-senador-2023\/","title":{"rendered":"&#8220;Sa\u00fade mental nas escolas p\u00fablicas&#8221; \u00e9 tema do Programa Jovem Senador 2023"},"content":{"rendered":"\n<p>Estudantes tocantinenses podem se candidatar \u00e0 vaga do programa<em>&nbsp;Jovem Senador 2023<\/em>&nbsp;at\u00e9 o dia 5 de maio. A iniciativa do Senado Federal, apoiada, no Tocantins, pela Secretaria de Estado da Educa\u00e7\u00e3o (Seduc), \u00e9 destinada a estudantes de escolas p\u00fablicas estaduais de ensino m\u00e9dio de todo o pa\u00eds e vai selecionar 27 alunos, um de cada unidade da Federa\u00e7\u00e3o, para vivenciarem o trabalho dos parlamentares, por uma semana em Bras\u00edlia (DF).<\/p>\n\n\n\n<p>A sele\u00e7\u00e3o dos estudantes \u00e9 feita por meio de um concurso de reda\u00e7\u00e3o. O tema de 2023 \u00e9&nbsp;<em>Sa\u00fade mental nas escolas p\u00fablicas<\/em>. Os inscritos passar\u00e3o por duas etapas de sele\u00e7\u00e3o, uma estadual e uma do Senado, que neste ano acontecem nos dias 31 de maio e 12 de junho, respectivamente.<\/p>\n\n\n\n<p><strong>Sele\u00e7\u00e3o<\/strong><\/p>\n\n\n\n<p>Para participar, \u00e9 necess\u00e1rio estar matriculado na rede estadual de ensino, ter, no m\u00e1ximo, 19 anos completados at\u00e9 31 de dezembro de 2023, al\u00e9m de disponibilidade para participar da Semana de Viv\u00eancia Legislativa, no per\u00edodo de 21 a 25 de agosto, na Capital Federal.<\/p>\n\n\n\n<p>Na etapa estadual, a escola escolhe a melhor reda\u00e7\u00e3o e, depois, a Seduc define as tr\u00eas melhores. Dessas, uma ser\u00e1 selecionada pelo Senado. O autor ou a autora da reda\u00e7\u00e3o escolhida se torna um jovem senador ou senadora, representando o Tocantins.<\/p>\n\n\n\n<p><strong>Legislatura<\/strong><\/p>\n\n\n\n<p>O trabalho dos jovens senadores simula a atua\u00e7\u00e3o dos senadores da Rep\u00fablica, podendo inclusive apresentar sugest\u00f5es de projetos. A legislatura tem quatro dias de dura\u00e7\u00e3o, come\u00e7a com a posse e a elei\u00e7\u00e3o da Mesa e termina com a aprova\u00e7\u00e3o dos projetos e sua publica\u00e7\u00e3o no Di\u00e1rio do Senado Federal. As sugest\u00f5es acatadas s\u00e3o encaminhadas \u00e0 Comiss\u00e3o de Direitos Humanos e Legisla\u00e7\u00e3o Participativa (CDH).&nbsp;<\/p>\n\n\n\n<p>Regulamento, folha de reda\u00e7\u00e3o e ficha de inscri\u00e7\u00e3o est\u00e3o dispon\u00edveis no&nbsp;<a href=\"https:\/\/www.senado.leg.br\/jovemsenador\">site do projeto.<\/a><\/p>\n\n\n\n<p><strong>Jovem senadora 2022<\/strong><\/p>\n\n\n\n<p>Em 2022, a estudante Mara Daniella Rocha Cardoso, de Palmeir\u00f3polis, foi a vencedora do concurso Jovem Senador, representando o Tocantins. Mara Daniella cursa a 3\u00aa s\u00e9rie do ensino m\u00e9dio, no Col\u00e9gio Estadual Professora Oneides Rosa Moura, e escreveu sobre os movimentos negros no per\u00edodo da independ\u00eancia do Brasil.<\/p>\n\n\n\n<p><strong>Calend\u00e1rio<\/strong><\/p>\n\n\n\n<p>Etapa escolar<br>Inscri\u00e7\u00f5es \u2013 8 de fevereiro a 5 de maio de 2023<\/p>\n\n\n\n<p>Sele\u00e7\u00e3o da etapa estadual<br>31 de maio de 2023<\/p>\n\n\n\n<p>Sele\u00e7\u00e3o da etapa Senado<br>12 de junho de &nbsp;2023<\/p>\n\n\n\n<p>An\u00fancio dos vencedores<br>At\u00e9 15 de junho de 2023<\/p>\n\n\n\n<p>Semana de Viv\u00eancia Legislativa<br>21 a 25 de agosto de 2023<\/p>\n\n\n\n<p><img src=\"https:\/\/central.to.gov.br\/image\/319710?w=670&amp;h=383\"><\/p>\n\n\n\n<p>Mara Daniella Rocha Cardoso foi a vencedora do concurso Jovem Senador em 2022 pelo Tocantins &#8211; Arquivo pessoal&nbsp;<\/p>\n","protected":false},"excerpt":{"rendered":"<p>Estudantes tocantinenses podem se candidatar \u00e0 vaga do programa&nbsp;Jovem Senador 2023&nbsp;at\u00e9 o dia 5 de maio. A iniciativa do Senado Federal, apoiada, no Tocantins, pela Secretaria de Estado da Educa\u00e7\u00e3o (Seduc), \u00e9 destinada a estudantes de escolas p\u00fablicas estaduais de ensino m\u00e9dio de todo o pa\u00eds e vai selecionar 27 alunos, um de cada unidade [&hellip;]<\/p>\n","protected":false},"author":2,"featured_media":14858,"comment_status":"open","ping_status":"open","sticky":false,"template":"","format":"standard","meta":[],"categories":[3],"tags":[13],"_links":{"self":[{"href":"https:\/\/dgospel.com.br\/portal\/index.php\/wp-json\/wp\/v2\/posts\/14857"}],"collection":[{"href":"https:\/\/dgospel.com.br\/portal\/index.php\/wp-json\/wp\/v2\/posts"}],"about":[{"href":"https:\/\/dgospel.com.br\/portal\/index.php\/wp-json\/wp\/v2\/types\/post"}],"author":[{"embeddable":true,"href":"https:\/\/dgospel.com.br\/portal\/index.php\/wp-json\/wp\/v2\/users\/2"}],"replies":[{"embeddable":true,"href":"https:\/\/dgospel.com.br\/portal\/index.php\/wp-json\/wp\/v2\/comments?post=14857"}],"version-history":[{"count":1,"href":"https:\/\/dgospel.com.br\/portal\/index.php\/wp-json\/wp\/v2\/posts\/14857\/revisions"}],"predecessor-version":[{"id":14859,"href":"https:\/\/dgospel.com.br\/portal\/index.php\/wp-json\/wp\/v2\/posts\/14857\/revisions\/14859"}],"wp:featuredmedia":[{"embeddable":true,"href":"https:\/\/dgospel.com.br\/portal\/index.php\/wp-json\/wp\/v2\/media\/14858"}],"wp:attachment":[{"href":"https:\/\/dgospel.com.br\/portal\/index.php\/wp-json\/wp\/v2\/media?parent=14857"}],"wp:term":[{"taxonomy":"category","embeddable":true,"href":"https:\/\/dgospel.com.br\/portal\/index.php\/wp-json\/wp\/v2\/categories?post=14857"},{"taxonomy":"post_tag","embeddable":true,"href":"https:\/\/dgospel.com.br\/portal\/index.php\/wp-json\/wp\/v2\/tags?post=14857"}],"curies":[{"name":"wp","href":"https:\/\/api.w.org\/{rel}","templated":true}]}}