{"id":14860,"date":"2023-02-24T17:15:14","date_gmt":"2023-02-24T20:15:14","guid":{"rendered":"http:\/\/dgospel.com.br\/portal\/?p=14860"},"modified":"2023-02-24T17:15:15","modified_gmt":"2023-02-24T20:15:15","slug":"governo-do-tocantins-distribui-doses-da-vacina-bivalente-contra-a-covid-19","status":"publish","type":"post","link":"https:\/\/dgospel.com.br\/portal\/index.php\/2023\/02\/24\/governo-do-tocantins-distribui-doses-da-vacina-bivalente-contra-a-covid-19\/","title":{"rendered":"Governo do Tocantins distribui doses da vacina bivalente contra a covid-19"},"content":{"rendered":"\n<p>A Secretaria de Estado da Sa\u00fade (SES-TO) iniciou na quinta-feira, 23, a distribui\u00e7\u00e3o das doses de refor\u00e7o bivalente contra a covid-19 para os 139 munic\u00edpios tocantinenses. A aplica\u00e7\u00e3o do imunobiol\u00f3gico da Pfizer\/Comirnaty come\u00e7ar\u00e1 na pr\u00f3xima segunda-feira, 27, conforme o calend\u00e1rio de cada munic\u00edpio.<\/p>\n\n\n\n<p>Para a primeira fase da campanha, o Minist\u00e9rio da Sa\u00fade (MS) enviou mais de 120 mil doses, para os seguintes p\u00fablicos-alvo: pessoas de 70 anos e mais; pessoas vivendo em situa\u00e7\u00e3o de longa perman\u00eancia a partir de 12 anos e seus trabalhadores; pessoas imunocomprometidas a partir de 12 anos de idade; ind\u00edgenas e quilombolas a partir de 12 anos; pessoas de 60 a 69 anos; gestantes e pu\u00e9rperas; trabalhadores da sa\u00fade; pessoas com defici\u00eancia permanente a partir de 12 anos; popula\u00e7\u00e3o privada de liberdade a partir dos 18 anos; adolescentes cumprindo medidas socioeducativas menores de 18 anos e funcion\u00e1rios de priva\u00e7\u00e3o de liberdade.<\/p>\n\n\n\n<p>Para que a aplica\u00e7\u00e3o seja feita da forma correta, a SES-TO promoveu, na \u00faltima semana, uma capacita\u00e7\u00e3o, com os profissionais de imuniza\u00e7\u00e3o, orientando sobre a dosagem certa; esquema de vacina\u00e7\u00e3o; registro do paciente e aplica\u00e7\u00e3o do imunizante nos p\u00fablicos-alvo. Cada frasco da vacina pode imunizar at\u00e9 seis pessoas.<\/p>\n\n\n\n<p>A gerente de Imuniza\u00e7\u00e3o da SES-TO, Diandra Sena, comentou que \u201co Minist\u00e9rio da Sa\u00fade estabeleceu regras sobre a vacina\u00e7\u00e3o, mas a orienta\u00e7\u00e3o que n\u00f3s da SES damos \u00e9 que os munic\u00edpios n\u00e3o percam as vacinas e aperfei\u00e7oem sempre que poss\u00edvel a ida desses pacientes, para que assim mais pessoas sejam vacinadas em todo o Estado\u201d.<\/p>\n\n\n\n<p>Aos pacientes, Diandra Sena<strong>&nbsp;<\/strong>acrescentou que \u201c\u00e9 importante que esse p\u00fablico-alvo procure a unidade de vacina\u00e7\u00e3o, pois essa dose ir\u00e1 fechar o esquema e garantir a prote\u00e7\u00e3o completa contra a covid-19\u201d.<\/p>\n\n\n\n<p>Para a secret\u00e1ria de Sa\u00fade de Aragua\u00edna, Ana Paula Abadia, \u201cas 12 mil doses retiradas na quinta-feira, 23, ir\u00e3o nos ajudar a dar in\u00edcio \u00e0 campanha na segunda-feira, tendo como p\u00fablicos-alvo as UBS, idosos assistenciados e zonas rurais\u201d.<\/p>\n\n\n\n<p>O secret\u00e1rio de Sa\u00fade de Colmeia, Vin\u00edcio Martins, comentou que \u201ca chegada das doses permite ao munic\u00edpio uma vacina\u00e7\u00e3o ampliada, sendo o planejamento inicial a vacina\u00e7\u00e3o do maior n\u00famero poss\u00edvel de pessoas do p\u00fablico-alvo por meio do agendamento\u201d.<\/p>\n\n\n\n<p><strong>Portal Integra Tocantins<\/strong><\/p>\n\n\n\n<p>Pra facilitar o acesso da popula\u00e7\u00e3o aos dados de imuniza\u00e7\u00e3o da dose de refor\u00e7o bivalente, a SES-TO ir\u00e1 publicar a partir da pr\u00f3xima ter\u00e7a-feira, 28, no Portal Integra os dados das doses monovalente e bivalente.<\/p>\n\n\n\n<p><strong>Imuniza\u00e7\u00e3o no Tocantins<\/strong><\/p>\n\n\n\n<p>Desde o in\u00edcio da imuniza\u00e7\u00e3o contra a covid-19, em janeiro de 2021, o Tocantins j\u00e1 recebeu 3.554.043 doses, destas 2.803.351 foram aplicadas.<\/p>\n\n\n\n<p><strong>Vacina bivalente<\/strong><\/p>\n\n\n\n<p>A vacina bivalente tem este nome, porque ela recebe um componente da cepa original do v\u00edrus (aquela de Wuhan) e mais um componente da variante \u00f4micron. Por isso, o nome\u00a0<em>bivalente<\/em>.<\/p>\n\n\n\n<p><img src=\"https:\/\/central.to.gov.br\/image\/319722?w=670&amp;h=383\"><\/p>\n\n\n\n<p>Frasco da vacina pode imunizar at\u00e9 seis pessoas &#8211; Andr\u00e9 Ara\u00fajo\/Governo do Tocantins\u00a0<\/p>\n\n\n\n<p><img src=\"https:\/\/central.to.gov.br\/image\/319723?w=670&amp;h=383\"><\/p>\n\n\n\n<p>Aos pacientes, Diandra acrescentou que \u201c\u00e9 importante que esse p\u00fablico-alvo procure a unidade de vacina\u00e7\u00e3o, pois essa dose ir\u00e1 fechar o esquema e garantir a prote\u00e7\u00e3o completa contra a covid-19\u201d &#8211; Andr\u00e9 Ara\u00fajo\/Governo do Tocantins&nbsp;<\/p>\n","protected":false},"excerpt":{"rendered":"<p>A Secretaria de Estado da Sa\u00fade (SES-TO) iniciou na quinta-feira, 23, a distribui\u00e7\u00e3o das doses de refor\u00e7o bivalente contra a covid-19 para os 139 munic\u00edpios tocantinenses. A aplica\u00e7\u00e3o do imunobiol\u00f3gico da Pfizer\/Comirnaty come\u00e7ar\u00e1 na pr\u00f3xima segunda-feira, 27, conforme o calend\u00e1rio de cada munic\u00edpio. Para a primeira fase da campanha, o Minist\u00e9rio da Sa\u00fade (MS) enviou [&hellip;]<\/p>\n","protected":false},"author":2,"featured_media":14861,"comment_status":"open","ping_status":"open","sticky":false,"template":"","format":"standard","meta":[],"categories":[3],"tags":[13],"_links":{"self":[{"href":"https:\/\/dgospel.com.br\/portal\/index.php\/wp-json\/wp\/v2\/posts\/14860"}],"collection":[{"href":"https:\/\/dgospel.com.br\/portal\/index.php\/wp-json\/wp\/v2\/posts"}],"about":[{"href":"https:\/\/dgospel.com.br\/portal\/index.php\/wp-json\/wp\/v2\/types\/post"}],"author":[{"embeddable":true,"href":"https:\/\/dgospel.com.br\/portal\/index.php\/wp-json\/wp\/v2\/users\/2"}],"replies":[{"embeddable":true,"href":"https:\/\/dgospel.com.br\/portal\/index.php\/wp-json\/wp\/v2\/comments?post=14860"}],"version-history":[{"count":1,"href":"https:\/\/dgospel.com.br\/portal\/index.php\/wp-json\/wp\/v2\/posts\/14860\/revisions"}],"predecessor-version":[{"id":14862,"href":"https:\/\/dgospel.com.br\/portal\/index.php\/wp-json\/wp\/v2\/posts\/14860\/revisions\/14862"}],"wp:featuredmedia":[{"embeddable":true,"href":"https:\/\/dgospel.com.br\/portal\/index.php\/wp-json\/wp\/v2\/media\/14861"}],"wp:attachment":[{"href":"https:\/\/dgospel.com.br\/portal\/index.php\/wp-json\/wp\/v2\/media?parent=14860"}],"wp:term":[{"taxonomy":"category","embeddable":true,"href":"https:\/\/dgospel.com.br\/portal\/index.php\/wp-json\/wp\/v2\/categories?post=14860"},{"taxonomy":"post_tag","embeddable":true,"href":"https:\/\/dgospel.com.br\/portal\/index.php\/wp-json\/wp\/v2\/tags?post=14860"}],"curies":[{"name":"wp","href":"https:\/\/api.w.org\/{rel}","templated":true}]}}