{"id":14878,"date":"2023-02-27T11:37:58","date_gmt":"2023-02-27T14:37:58","guid":{"rendered":"http:\/\/dgospel.com.br\/portal\/?p=14878"},"modified":"2023-02-27T11:37:59","modified_gmt":"2023-02-27T14:37:59","slug":"o-mais-recente-ataque-de-daniel-ortega-contra-os-cristaos","status":"publish","type":"post","link":"https:\/\/dgospel.com.br\/portal\/index.php\/2023\/02\/27\/o-mais-recente-ataque-de-daniel-ortega-contra-os-cristaos\/","title":{"rendered":"O mais recente ataque de Daniel Ortega contra os crist\u00e3os"},"content":{"rendered":"\n<p>Em mais um ato de persegui\u00e7\u00e3o contra os crist\u00e3os, o ditador da Nicar\u00e1gua, Daniel Ortega, proibiu os fi\u00e9is da Igreja Cat\u00f3lica de seu pa\u00eds de celebrarem as prociss\u00f5es de rua durante a Quaresma e a Semana Santa.<\/p>\n\n\n\n<p>A decis\u00e3o ocorreu depois de Ortega classificar os religiosos, incluindo padres, bispos, cardeais e o papa Francisco, como uma \u201cm\u00e1fia\u201d. O bispo da diocese de Le\u00f3n e Chinandega, S\u00f3crates Ren\u00e9 Sandigo, afirmou que a pol\u00edcia apenas permitiu a realiza\u00e7\u00e3o da Via-Sacra dentro ou no p\u00e1tio das igrejas, mas n\u00e3o nas ruas.<\/p>\n\n\n\n<p>Daniel Ortega acusou ainda a Igreja Cat\u00f3lica de ser \u201cantidemocr\u00e1tica\u201d, por supostamente n\u00e3o permitir que os cat\u00f3licos escolham seus l\u00edderes por voto direto e por cometer crimes financeiros. O bispo auxiliar da Arquidiocese de Man\u00e1gua,&nbsp;<strong><a href=\"https:\/\/twitter.com\/CafeconVozNi\/status\/1628372401569378305\">Silvio B\u00e1ez<\/a><\/strong>, que foi exilado nos EUA e declarado \u201cfugitivo da Justi\u00e7a\u201d, chamou Ortega de \u201cateu, corrupto e criminoso\u201d, ap\u00f3s os ataques do ditador \u00e0 igreja.<\/p>\n\n\n\n<p>Em 12 de fevereiro, o papa Francisco lamentou a senten\u00e7a de pris\u00e3o de um bispo cr\u00edtico da ditadura nicaraguense, Rolando \u00c1lvarez, e encorajou os l\u00edderes no pa\u00eds a \u201cprocurarem sinceramente\u201d a paz.<\/p>\n\n\n\n<p>\u00c1lvarez, cr\u00edtico do governo de Ortega, foi condenado a 26 anos e quatro meses de pris\u00e3o por crimes de \u201ctrai\u00e7\u00e3o\u201d.<\/p>\n","protected":false},"excerpt":{"rendered":"<p>Em mais um ato de persegui\u00e7\u00e3o contra os crist\u00e3os, o ditador da Nicar\u00e1gua, Daniel Ortega, proibiu os fi\u00e9is da Igreja Cat\u00f3lica de seu pa\u00eds de celebrarem as prociss\u00f5es de rua durante a Quaresma e a Semana Santa. A decis\u00e3o ocorreu depois de Ortega classificar os religiosos, incluindo padres, bispos, cardeais e o papa Francisco, como [&hellip;]<\/p>\n","protected":false},"author":2,"featured_media":14879,"comment_status":"open","ping_status":"open","sticky":false,"template":"","format":"standard","meta":[],"categories":[16],"tags":[],"_links":{"self":[{"href":"https:\/\/dgospel.com.br\/portal\/index.php\/wp-json\/wp\/v2\/posts\/14878"}],"collection":[{"href":"https:\/\/dgospel.com.br\/portal\/index.php\/wp-json\/wp\/v2\/posts"}],"about":[{"href":"https:\/\/dgospel.com.br\/portal\/index.php\/wp-json\/wp\/v2\/types\/post"}],"author":[{"embeddable":true,"href":"https:\/\/dgospel.com.br\/portal\/index.php\/wp-json\/wp\/v2\/users\/2"}],"replies":[{"embeddable":true,"href":"https:\/\/dgospel.com.br\/portal\/index.php\/wp-json\/wp\/v2\/comments?post=14878"}],"version-history":[{"count":1,"href":"https:\/\/dgospel.com.br\/portal\/index.php\/wp-json\/wp\/v2\/posts\/14878\/revisions"}],"predecessor-version":[{"id":14880,"href":"https:\/\/dgospel.com.br\/portal\/index.php\/wp-json\/wp\/v2\/posts\/14878\/revisions\/14880"}],"wp:featuredmedia":[{"embeddable":true,"href":"https:\/\/dgospel.com.br\/portal\/index.php\/wp-json\/wp\/v2\/media\/14879"}],"wp:attachment":[{"href":"https:\/\/dgospel.com.br\/portal\/index.php\/wp-json\/wp\/v2\/media?parent=14878"}],"wp:term":[{"taxonomy":"category","embeddable":true,"href":"https:\/\/dgospel.com.br\/portal\/index.php\/wp-json\/wp\/v2\/categories?post=14878"},{"taxonomy":"post_tag","embeddable":true,"href":"https:\/\/dgospel.com.br\/portal\/index.php\/wp-json\/wp\/v2\/tags?post=14878"}],"curies":[{"name":"wp","href":"https:\/\/api.w.org\/{rel}","templated":true}]}}