{"id":1488,"date":"2018-10-02T12:36:34","date_gmt":"2018-10-02T15:36:34","guid":{"rendered":"http:\/\/dgospel.com.br\/portal\/?p=1488"},"modified":"2018-10-02T12:36:34","modified_gmt":"2018-10-02T15:36:34","slug":"amastha-diz-que-municipios-limpos-e-bem-cuidados-impulsionam-turismo-e-reduzem-gastos-com-saude","status":"publish","type":"post","link":"https:\/\/dgospel.com.br\/portal\/index.php\/2018\/10\/02\/amastha-diz-que-municipios-limpos-e-bem-cuidados-impulsionam-turismo-e-reduzem-gastos-com-saude\/","title":{"rendered":"Amastha diz que munic\u00edpios limpos e bem cuidados  impulsionam turismo e reduzem gastos com sa\u00fade"},"content":{"rendered":"<p><b>Em visita a empresa do ramo, candidato a governador \u00a0lembrou que a universaliza\u00e7\u00e3o do servi\u00e7o\u00a0 de coleta res\u00edduos s\u00f3lidos em sua gest\u00e3o, aliada a um eficiente servi\u00e7o de limpeza urbana, teve reflexos diretos na economia de Palmas; e que seu governo ser\u00e1 parceiro dos munic\u00edpios nas pol\u00edticas de saneamento b\u00e1sico<\/b><\/p>\n<p><b>\u00a0<\/b><\/p>\n<p>&#8220;O principal motivo para o turista se encantar com Palmas e voltar \u00e9 porque encontra aqui uma cidade linda e limpa. Parece uma coisa t\u00e3o m\u00ednima, mas faz toda a diferen\u00e7a&#8221;, afirmou o ex-prefeito e candidato a governador Carlos Amastha (PSB) a dirigentes e funcion\u00e1rios da Valor Ambiental, empresa de coleta de res\u00edduos s\u00f3lidos na Capital, nesta segunda-feira, 1\u00ba, ressaltando que o seu governo ser\u00e1 parceiro dos munic\u00edpios na implementa\u00e7\u00e3o de pol\u00edticas de saneamento b\u00e1sico .<\/p>\n<p>Amastha lembrou que recebeu a Capital totalmente largada pelo poder p\u00fablico, mais parecendo uma \u2018cidade-lixo\u2019, com reflexos negativos em todas as \u00e1reas. \u201cApesar das dificuldades causadas pelas finan\u00e7as estouradas, conseguimos reequilibrar as contas com a redu\u00e7\u00e3o de gastos desnecess\u00e1rios e passamos a investir pesado e com sucesso na universaliza\u00e7\u00e3o da coleta de res\u00edduos s\u00f3lidos e na limpeza da cidade, com impacto significativo, por exemplo, na redu\u00e7\u00e3o de despesas com sa\u00fade.<\/p>\n<p>&#8220;Tudo \u00e9 importante. \u00c9 importante pra sa\u00fade das nossas crian\u00e7as viver em um ambiente limpo, mas tamb\u00e9m \u00e9 muito bom para a economia da cidade, que gera mais recursos que s\u00e3o tamb\u00e9m aplicados nessa limpeza, na sa\u00fade e na educa\u00e7\u00e3o&#8221;, ressaltou Amastha, lembrando ainda dos bons \u00edndices de educa\u00e7\u00e3o e sa\u00fade que Palmas alcan\u00e7ou durante a sua gest\u00e3o.<\/p>\n","protected":false},"excerpt":{"rendered":"<p>Em visita a empresa do ramo, candidato a governador \u00a0lembrou que a universaliza\u00e7\u00e3o do servi\u00e7o\u00a0 de coleta res\u00edduos s\u00f3lidos em sua gest\u00e3o, aliada a um eficiente servi\u00e7o de limpeza urbana, teve reflexos diretos na economia de Palmas; e que seu governo ser\u00e1 parceiro dos munic\u00edpios nas pol\u00edticas de saneamento b\u00e1sico \u00a0 &#8220;O principal motivo para [&hellip;]<\/p>\n","protected":false},"author":2,"featured_media":1489,"comment_status":"open","ping_status":"open","sticky":false,"template":"","format":"standard","meta":[],"categories":[2,4],"tags":[],"_links":{"self":[{"href":"https:\/\/dgospel.com.br\/portal\/index.php\/wp-json\/wp\/v2\/posts\/1488"}],"collection":[{"href":"https:\/\/dgospel.com.br\/portal\/index.php\/wp-json\/wp\/v2\/posts"}],"about":[{"href":"https:\/\/dgospel.com.br\/portal\/index.php\/wp-json\/wp\/v2\/types\/post"}],"author":[{"embeddable":true,"href":"https:\/\/dgospel.com.br\/portal\/index.php\/wp-json\/wp\/v2\/users\/2"}],"replies":[{"embeddable":true,"href":"https:\/\/dgospel.com.br\/portal\/index.php\/wp-json\/wp\/v2\/comments?post=1488"}],"version-history":[{"count":1,"href":"https:\/\/dgospel.com.br\/portal\/index.php\/wp-json\/wp\/v2\/posts\/1488\/revisions"}],"predecessor-version":[{"id":1490,"href":"https:\/\/dgospel.com.br\/portal\/index.php\/wp-json\/wp\/v2\/posts\/1488\/revisions\/1490"}],"wp:featuredmedia":[{"embeddable":true,"href":"https:\/\/dgospel.com.br\/portal\/index.php\/wp-json\/wp\/v2\/media\/1489"}],"wp:attachment":[{"href":"https:\/\/dgospel.com.br\/portal\/index.php\/wp-json\/wp\/v2\/media?parent=1488"}],"wp:term":[{"taxonomy":"category","embeddable":true,"href":"https:\/\/dgospel.com.br\/portal\/index.php\/wp-json\/wp\/v2\/categories?post=1488"},{"taxonomy":"post_tag","embeddable":true,"href":"https:\/\/dgospel.com.br\/portal\/index.php\/wp-json\/wp\/v2\/tags?post=1488"}],"curies":[{"name":"wp","href":"https:\/\/api.w.org\/{rel}","templated":true}]}}