{"id":14884,"date":"2023-02-27T11:44:45","date_gmt":"2023-02-27T14:44:45","guid":{"rendered":"http:\/\/dgospel.com.br\/portal\/?p=14884"},"modified":"2023-02-27T11:44:45","modified_gmt":"2023-02-27T14:44:45","slug":"mdb-vai-lancar-documentario-para-combater-a-versao-do-golpe","status":"publish","type":"post","link":"https:\/\/dgospel.com.br\/portal\/index.php\/2023\/02\/27\/mdb-vai-lancar-documentario-para-combater-a-versao-do-golpe\/","title":{"rendered":"MDB vai lan\u00e7ar document\u00e1rio para combater a vers\u00e3o do \u201cgolpe\u201d"},"content":{"rendered":"\n<p>Para combater a vers\u00e3o petista de que um golpe tirou do poder a ex-presidente Dilma Rousseff em 2016, o MDB se prepara para lan\u00e7ar um document\u00e1rio sobre a hist\u00f3ria dos 60 anos do partido. A iniciativa faz parte de uma s\u00e9rie de a\u00e7\u00f5es que buscam, al\u00e9m de fazer defesa de Michel Temar, posicionar a ministra do Planejamento, Simone Tebet, como presidenci\u00e1vel em 2026.<\/p>\n\n\n\n<p>Segundo reportagem publicada no\u00a0<em>Estad\u00e3o<\/em>, o partido tamb\u00e9m planeja responder nas redes sociais qualquer cr\u00edtica \u00e0 gest\u00e3o Temer. Embora interlocutores do ex-presidente quisessem que o filme fosse centrado na sua gest\u00e3o, a\u00a0<a rel=\"noreferrer noopener\" href=\"http:\/\/fundacaoulysses.org.br\/\" target=\"_blank\">Funda\u00e7\u00e3o Ulysses Guimar\u00e3es<\/a>\u00a0preferiu ampliar o roteiro e incluir o governo Jos\u00e9 Sarney e a Constituinte.<\/p>\n\n\n\n<p>A funda\u00e7\u00e3o tamb\u00e9m prepara um documento elaborado por economistas sobre as \u201cconquistas\u201d do governo Temer, como a reforma trabalhista e o teto de gastos, e outro com advogados que far\u00e3o a defesa jur\u00eddica do impeachment. \u201cTemos uma hist\u00f3ria de servi\u00e7os prestados ao povo e aprovados nas urnas pelo voto direto\u201d, disse ao&nbsp;<em>Estad\u00e3o<\/em>&nbsp;o deputado Baleia Rossi, presidente nacional do partido. \u201cPor isso, temos de refor\u00e7ar e lembrar nossa hist\u00f3ria sempre, principalmente quando todos s\u00e3o alvo de fake news\u201d.<\/p>\n\n\n\n<p>Em janeiro, durante visita oficial ao Uruguai, Lula chamou Temer de \u201cgolpista\u201d. Em resposta, o ex-presidente disse que o petista tenta \u201creescrever a hist\u00f3ria por meio de narrativas ideol\u00f3gicas\u201d. O impeachment de Dilma Rousseff, baseado nas \u201cpedaladas fiscais\u201d,&nbsp;seguiu todas as regras previstas na Constitui\u00e7\u00e3o.<\/p>\n\n\n\n<h3>De olho em 2026<\/h3>\n\n\n\n<p>Al\u00e9m dos document\u00e1rios, o MDB encomendou pesquisas para medir o recall eleitoral de Tebet e medir o quanto o eleitorado vincula o nome da ministra \u00e0 legenda. O partido j\u00e1 pensa nas elei\u00e7\u00f5es de 2026. Apesar de estar na base do governo, a ideia \u00e9 manter dist\u00e2ncia dos embates entre Lula e PT e o Banco Central. O MDB tem hoje tr\u00eas minist\u00e9rios (Planejamento, Transportes e Cidades) e possui uma bancada de 42 deputados e dez senadores.<\/p>\n","protected":false},"excerpt":{"rendered":"<p>Para combater a vers\u00e3o petista de que um golpe tirou do poder a ex-presidente Dilma Rousseff em 2016, o MDB se prepara para lan\u00e7ar um document\u00e1rio sobre a hist\u00f3ria dos 60 anos do partido. A iniciativa faz parte de uma s\u00e9rie de a\u00e7\u00f5es que buscam, al\u00e9m de fazer defesa de Michel Temar, posicionar a ministra [&hellip;]<\/p>\n","protected":false},"author":2,"featured_media":14885,"comment_status":"open","ping_status":"open","sticky":false,"template":"","format":"standard","meta":[],"categories":[4],"tags":[],"_links":{"self":[{"href":"https:\/\/dgospel.com.br\/portal\/index.php\/wp-json\/wp\/v2\/posts\/14884"}],"collection":[{"href":"https:\/\/dgospel.com.br\/portal\/index.php\/wp-json\/wp\/v2\/posts"}],"about":[{"href":"https:\/\/dgospel.com.br\/portal\/index.php\/wp-json\/wp\/v2\/types\/post"}],"author":[{"embeddable":true,"href":"https:\/\/dgospel.com.br\/portal\/index.php\/wp-json\/wp\/v2\/users\/2"}],"replies":[{"embeddable":true,"href":"https:\/\/dgospel.com.br\/portal\/index.php\/wp-json\/wp\/v2\/comments?post=14884"}],"version-history":[{"count":1,"href":"https:\/\/dgospel.com.br\/portal\/index.php\/wp-json\/wp\/v2\/posts\/14884\/revisions"}],"predecessor-version":[{"id":14886,"href":"https:\/\/dgospel.com.br\/portal\/index.php\/wp-json\/wp\/v2\/posts\/14884\/revisions\/14886"}],"wp:featuredmedia":[{"embeddable":true,"href":"https:\/\/dgospel.com.br\/portal\/index.php\/wp-json\/wp\/v2\/media\/14885"}],"wp:attachment":[{"href":"https:\/\/dgospel.com.br\/portal\/index.php\/wp-json\/wp\/v2\/media?parent=14884"}],"wp:term":[{"taxonomy":"category","embeddable":true,"href":"https:\/\/dgospel.com.br\/portal\/index.php\/wp-json\/wp\/v2\/categories?post=14884"},{"taxonomy":"post_tag","embeddable":true,"href":"https:\/\/dgospel.com.br\/portal\/index.php\/wp-json\/wp\/v2\/tags?post=14884"}],"curies":[{"name":"wp","href":"https:\/\/api.w.org\/{rel}","templated":true}]}}