{"id":14888,"date":"2023-02-27T17:51:03","date_gmt":"2023-02-27T20:51:03","guid":{"rendered":"http:\/\/dgospel.com.br\/portal\/?p=14888"},"modified":"2023-02-27T17:51:04","modified_gmt":"2023-02-27T20:51:04","slug":"governo-anuncia-aumento-de-imposto-sobre-combustiveis","status":"publish","type":"post","link":"https:\/\/dgospel.com.br\/portal\/index.php\/2023\/02\/27\/governo-anuncia-aumento-de-imposto-sobre-combustiveis\/","title":{"rendered":"Governo anuncia aumento de imposto sobre combust\u00edveis"},"content":{"rendered":"\n<p>Nesta segunda-feira (27), o Minist\u00e9rio da Fazenda anunciou que haver\u00e1 aumento do imposto sobre os combust\u00edveis. O ministro Fernando Haddad diz que o objetivo \u00e9 arrecadar R$ 28,8 bilh\u00f5es neste ano.<\/p>\n\n\n\n<p>O percentual de reajuste n\u00e3o foi anunciado pela pasta, nem o valor que cada litro de combust\u00edvel ser\u00e1 comercializado. O aumento atingir\u00e1 apenas combust\u00edveis f\u00f3sseis como a gasolina.<\/p>\n\n\n\n<p>O diesel e g\u00e1s de cozinha continuar\u00e3o isentos de impostos federais at\u00e9 o dia 31 de dezembro. J\u00e1 a gasolina deve aumentar a partir desta quarta (1\u00ba).<\/p>\n\n\n\n<p>A decis\u00e3o do governo foi anunciada ap\u00f3s uma reuni\u00e3o entre o presidente Luiz In\u00e1cio Lula da Silva e os ministros Rui Costa, da Casa Civil; Haddad, da Fazenda; e o presidente da Petrobras, Jean Paul Prates.<\/p>\n","protected":false},"excerpt":{"rendered":"<p>Nesta segunda-feira (27), o Minist\u00e9rio da Fazenda anunciou que haver\u00e1 aumento do imposto sobre os combust\u00edveis. O ministro Fernando Haddad diz que o objetivo \u00e9 arrecadar R$ 28,8 bilh\u00f5es neste ano. O percentual de reajuste n\u00e3o foi anunciado pela pasta, nem o valor que cada litro de combust\u00edvel ser\u00e1 comercializado. O aumento atingir\u00e1 apenas combust\u00edveis [&hellip;]<\/p>\n","protected":false},"author":2,"featured_media":14889,"comment_status":"open","ping_status":"open","sticky":false,"template":"","format":"standard","meta":[],"categories":[4],"tags":[],"_links":{"self":[{"href":"https:\/\/dgospel.com.br\/portal\/index.php\/wp-json\/wp\/v2\/posts\/14888"}],"collection":[{"href":"https:\/\/dgospel.com.br\/portal\/index.php\/wp-json\/wp\/v2\/posts"}],"about":[{"href":"https:\/\/dgospel.com.br\/portal\/index.php\/wp-json\/wp\/v2\/types\/post"}],"author":[{"embeddable":true,"href":"https:\/\/dgospel.com.br\/portal\/index.php\/wp-json\/wp\/v2\/users\/2"}],"replies":[{"embeddable":true,"href":"https:\/\/dgospel.com.br\/portal\/index.php\/wp-json\/wp\/v2\/comments?post=14888"}],"version-history":[{"count":1,"href":"https:\/\/dgospel.com.br\/portal\/index.php\/wp-json\/wp\/v2\/posts\/14888\/revisions"}],"predecessor-version":[{"id":14890,"href":"https:\/\/dgospel.com.br\/portal\/index.php\/wp-json\/wp\/v2\/posts\/14888\/revisions\/14890"}],"wp:featuredmedia":[{"embeddable":true,"href":"https:\/\/dgospel.com.br\/portal\/index.php\/wp-json\/wp\/v2\/media\/14889"}],"wp:attachment":[{"href":"https:\/\/dgospel.com.br\/portal\/index.php\/wp-json\/wp\/v2\/media?parent=14888"}],"wp:term":[{"taxonomy":"category","embeddable":true,"href":"https:\/\/dgospel.com.br\/portal\/index.php\/wp-json\/wp\/v2\/categories?post=14888"},{"taxonomy":"post_tag","embeddable":true,"href":"https:\/\/dgospel.com.br\/portal\/index.php\/wp-json\/wp\/v2\/tags?post=14888"}],"curies":[{"name":"wp","href":"https:\/\/api.w.org\/{rel}","templated":true}]}}