{"id":14891,"date":"2023-02-27T17:52:15","date_gmt":"2023-02-27T20:52:15","guid":{"rendered":"http:\/\/dgospel.com.br\/portal\/?p=14891"},"modified":"2023-02-27T17:52:15","modified_gmt":"2023-02-27T20:52:15","slug":"tarcisio-anuncia-reducao-de-icms-em-sp-ate-o-fim-de-2024","status":"publish","type":"post","link":"https:\/\/dgospel.com.br\/portal\/index.php\/2023\/02\/27\/tarcisio-anuncia-reducao-de-icms-em-sp-ate-o-fim-de-2024\/","title":{"rendered":"Tarc\u00edsio anuncia redu\u00e7\u00e3o de ICMS em SP at\u00e9 o fim de 2024"},"content":{"rendered":"\n<p>Nesta segunda-feira (27), o governador de S\u00e3o Paulo, Tarc\u00edsio de Freitas (Republicanos), assinou decretos que, entre benef\u00edcios novos ou renovados, reduzem a carga tribut\u00e1ria de empresas paulistas at\u00e9 31 de dezembro de 2024. O impacto \u00e9 estimado em R$ 850 milh\u00f5es, mas o governo estadual entende que esse custo ser\u00e1 compensado por ganhos de arrecada\u00e7\u00e3o decorrentes do impulso da medida \u00e0 atividade.<\/p>\n\n\n\n<p>\u2013 Devemos ver perda de arrecada\u00e7\u00e3o num primeiro momento, quando voc\u00ea d\u00e1 o benef\u00edcio, mas tamb\u00e9m uma indu\u00e7\u00e3o de atividade muito forte, e isso tende a gerar um aumento de arrecada\u00e7\u00e3o \u2013 declarou o governador ao anunciar os decretos \u00e0 imprensa.<\/p>\n\n\n\n<p>O pacote prev\u00ea isen\u00e7\u00e3o ou redu\u00e7\u00e3o de base de c\u00e1lculo do ICMS, assim como cr\u00e9ditos e diferimento da cobran\u00e7a do tributo estadual de uma s\u00e9rie de produtos. A lista inclui, entre outros, bebidas \u00e0 base de leite, m\u00e1quinas de constru\u00e7\u00e3o, embalagens met\u00e1licas e medicamentos destinados ao tratamento de fibrose c\u00edstica, que passam a ficar isentos de ICMS.<\/p>\n\n\n\n<p>O governador de S\u00e3o Paulo disse que os decretos representam uma \u201cprote\u00e7\u00e3o\u201d contra a perda de empresas para estados que oferecem melhores condi\u00e7\u00f5es tribut\u00e1rias. Com isso, o objetivo \u00e9 equiparar o ICMS paulista com o de outros entes da Federa\u00e7\u00e3o.<\/p>\n\n\n\n<p>\u2013 A gente tem que interromper o fluxo migrat\u00f3rio de ind\u00fastrias, que subtrai empregos \u2013 afirmou Tarc\u00edsio.<\/p>\n\n\n\n<p>Ele acrescentou que, a partir da concess\u00e3o do benef\u00edcio, produtos como medicamentos v\u00e3o chegar a pre\u00e7os mais baixos ao consumidor, as ind\u00fastrias v\u00e3o faturar mais e, como consequ\u00eancia, a arrecada\u00e7\u00e3o do estado vai aumentar. O saldo final, portanto, ser\u00e1 positivo, na avalia\u00e7\u00e3o do governo.<\/p>\n\n\n\n<p>\u2013 Se a ind\u00fastria for mais competitiva, e a redu\u00e7\u00e3o de carga tribut\u00e1ria \u00e9 um componente importante, a gente vai ver mais dinheiro sendo investido \u2013 acrescentou Tarc\u00edsio.<\/p>\n\n\n\n<p>*AE<\/p>\n","protected":false},"excerpt":{"rendered":"<p>Nesta segunda-feira (27), o governador de S\u00e3o Paulo, Tarc\u00edsio de Freitas (Republicanos), assinou decretos que, entre benef\u00edcios novos ou renovados, reduzem a carga tribut\u00e1ria de empresas paulistas at\u00e9 31 de dezembro de 2024. O impacto \u00e9 estimado em R$ 850 milh\u00f5es, mas o governo estadual entende que esse custo ser\u00e1 compensado por ganhos de arrecada\u00e7\u00e3o [&hellip;]<\/p>\n","protected":false},"author":2,"featured_media":14892,"comment_status":"open","ping_status":"open","sticky":false,"template":"","format":"standard","meta":[],"categories":[4],"tags":[],"_links":{"self":[{"href":"https:\/\/dgospel.com.br\/portal\/index.php\/wp-json\/wp\/v2\/posts\/14891"}],"collection":[{"href":"https:\/\/dgospel.com.br\/portal\/index.php\/wp-json\/wp\/v2\/posts"}],"about":[{"href":"https:\/\/dgospel.com.br\/portal\/index.php\/wp-json\/wp\/v2\/types\/post"}],"author":[{"embeddable":true,"href":"https:\/\/dgospel.com.br\/portal\/index.php\/wp-json\/wp\/v2\/users\/2"}],"replies":[{"embeddable":true,"href":"https:\/\/dgospel.com.br\/portal\/index.php\/wp-json\/wp\/v2\/comments?post=14891"}],"version-history":[{"count":1,"href":"https:\/\/dgospel.com.br\/portal\/index.php\/wp-json\/wp\/v2\/posts\/14891\/revisions"}],"predecessor-version":[{"id":14893,"href":"https:\/\/dgospel.com.br\/portal\/index.php\/wp-json\/wp\/v2\/posts\/14891\/revisions\/14893"}],"wp:featuredmedia":[{"embeddable":true,"href":"https:\/\/dgospel.com.br\/portal\/index.php\/wp-json\/wp\/v2\/media\/14892"}],"wp:attachment":[{"href":"https:\/\/dgospel.com.br\/portal\/index.php\/wp-json\/wp\/v2\/media?parent=14891"}],"wp:term":[{"taxonomy":"category","embeddable":true,"href":"https:\/\/dgospel.com.br\/portal\/index.php\/wp-json\/wp\/v2\/categories?post=14891"},{"taxonomy":"post_tag","embeddable":true,"href":"https:\/\/dgospel.com.br\/portal\/index.php\/wp-json\/wp\/v2\/tags?post=14891"}],"curies":[{"name":"wp","href":"https:\/\/api.w.org\/{rel}","templated":true}]}}