{"id":14897,"date":"2023-03-01T14:37:45","date_gmt":"2023-03-01T17:37:45","guid":{"rendered":"http:\/\/dgospel.com.br\/portal\/?p=14897"},"modified":"2023-03-01T14:37:46","modified_gmt":"2023-03-01T17:37:46","slug":"como-deputado-federal-ministro-de-lula-apresentou-apenas-um-projeto-em-2022-dia-do-cavalo","status":"publish","type":"post","link":"https:\/\/dgospel.com.br\/portal\/index.php\/2023\/03\/01\/como-deputado-federal-ministro-de-lula-apresentou-apenas-um-projeto-em-2022-dia-do-cavalo\/","title":{"rendered":"Como deputado federal, ministro de Lula apresentou apenas um projeto em 2022: Dia do Cavalo"},"content":{"rendered":"\n<p>Como deputado federal, o atual ministro das Comunica\u00e7\u00f5es, Juscelino Filho (Uni\u00e3o Brasil-MA), apresentou apenas um projeto de lei no ano de 2022, quando disputou e ganhou a reelei\u00e7\u00e3o. O filho do ex-governador do Maranh\u00e3o prop\u00f4s a cria\u00e7\u00e3o do Dia Nacional do Cavalo.<\/p>\n\n\n\n<p>No documento, Juscelino pede para que a data seja celebrada todo dia 15 de agosto e, na justificativa, ele destaca a import\u00e2ncia do animal para a humanidade.<\/p>\n\n\n\n<p>\u2013 Desde os prim\u00f3rdios os cavalos desempenham um papel de grande import\u00e2ncia na humanidade. \u201cHora sendo utilizado na constru\u00e7\u00e3o de cidades, nas guerras, na locomo\u00e7\u00e3o de tropas e no servi\u00e7o da pecu\u00e1ria extensiva. Hora para o lazer, na pr\u00e1tica de esportes e atividades terap\u00eauticas\u201d \u2013 diz trecho do projeto de lei.<\/p>\n\n\n\n<p>Juscelino Filho listou v\u00e1rias partes hist\u00f3ricas nas quais os cavalos tiveram grande import\u00e2ncia para a locomo\u00e7\u00e3o das pessoas e sobre o tempo atual, ele destaca a equoterapia que tem ajudado pessoas com defici\u00eancia.<\/p>\n\n\n\n<p>O parlamentar destacou ainda a participa\u00e7\u00e3o desses animais na produ\u00e7\u00e3o do soro antiof\u00eddico, no esporte (polo) e na equinocultura que movimenta anualmente R$ 16,5 bilh\u00f5es, e gera cerca de 3 milh\u00f5es de postos de trabalho.<\/p>\n\n\n\n<p>O Dia Nacional do Cavalo n\u00e3o prestaria homenagem apenas ao animal, mas tamb\u00e9m a todos os que est\u00e3o envolvidos com eles, sejam criadores, tratadores, competidores, treinadores e at\u00e9 veterin\u00e1rios.<\/p>\n\n\n\n<p><strong>MINISTRO \u00c9 CRIADOR DE CAVALOS DE RA\u00c7A<br><\/strong>A imprensa revelou, recentemente, a rela\u00e7\u00e3o de Juscelino Filho com cavalos de ra\u00e7a. O ministro de Lula usou um avi\u00e3o da FAB e di\u00e1rias pagas com dinheiro p\u00fablico para ficar quatro dias e meio em S\u00e3o Paulo participando de um leil\u00e3o de cavalos.<\/p>\n\n\n\n<p>Al\u00e9m disso, o ministro \u00e9 acusado de n\u00e3o declarar ao Tribunal Superior Eleitoral (TSE) um patrim\u00f4nio de cerca de R$ 2,2 milh\u00f5es em cavalos de ra\u00e7a.<\/p>\n\n\n\n<p>Em sua inscri\u00e7\u00e3o para concorrer ao cargo de deputado federal, Juscelino informou um patrim\u00f4nio de R$ 4,4 milh\u00f5es, composto por fazendas, carros, 50% de uma aeronave, um apartamento e o terreno onde est\u00e1 instalado o haras. No entanto, n\u00e3o consta no registro quaisquer informa\u00e7\u00f5es sobre cavalos ou embri\u00f5es.<\/p>\n","protected":false},"excerpt":{"rendered":"<p>Como deputado federal, o atual ministro das Comunica\u00e7\u00f5es, Juscelino Filho (Uni\u00e3o Brasil-MA), apresentou apenas um projeto de lei no ano de 2022, quando disputou e ganhou a reelei\u00e7\u00e3o. O filho do ex-governador do Maranh\u00e3o prop\u00f4s a cria\u00e7\u00e3o do Dia Nacional do Cavalo. No documento, Juscelino pede para que a data seja celebrada todo dia 15 [&hellip;]<\/p>\n","protected":false},"author":2,"featured_media":14898,"comment_status":"open","ping_status":"open","sticky":false,"template":"","format":"standard","meta":[],"categories":[10],"tags":[],"_links":{"self":[{"href":"https:\/\/dgospel.com.br\/portal\/index.php\/wp-json\/wp\/v2\/posts\/14897"}],"collection":[{"href":"https:\/\/dgospel.com.br\/portal\/index.php\/wp-json\/wp\/v2\/posts"}],"about":[{"href":"https:\/\/dgospel.com.br\/portal\/index.php\/wp-json\/wp\/v2\/types\/post"}],"author":[{"embeddable":true,"href":"https:\/\/dgospel.com.br\/portal\/index.php\/wp-json\/wp\/v2\/users\/2"}],"replies":[{"embeddable":true,"href":"https:\/\/dgospel.com.br\/portal\/index.php\/wp-json\/wp\/v2\/comments?post=14897"}],"version-history":[{"count":1,"href":"https:\/\/dgospel.com.br\/portal\/index.php\/wp-json\/wp\/v2\/posts\/14897\/revisions"}],"predecessor-version":[{"id":14899,"href":"https:\/\/dgospel.com.br\/portal\/index.php\/wp-json\/wp\/v2\/posts\/14897\/revisions\/14899"}],"wp:featuredmedia":[{"embeddable":true,"href":"https:\/\/dgospel.com.br\/portal\/index.php\/wp-json\/wp\/v2\/media\/14898"}],"wp:attachment":[{"href":"https:\/\/dgospel.com.br\/portal\/index.php\/wp-json\/wp\/v2\/media?parent=14897"}],"wp:term":[{"taxonomy":"category","embeddable":true,"href":"https:\/\/dgospel.com.br\/portal\/index.php\/wp-json\/wp\/v2\/categories?post=14897"},{"taxonomy":"post_tag","embeddable":true,"href":"https:\/\/dgospel.com.br\/portal\/index.php\/wp-json\/wp\/v2\/tags?post=14897"}],"curies":[{"name":"wp","href":"https:\/\/api.w.org\/{rel}","templated":true}]}}