{"id":14900,"date":"2023-03-01T14:46:20","date_gmt":"2023-03-01T17:46:20","guid":{"rendered":"http:\/\/dgospel.com.br\/portal\/?p=14900"},"modified":"2023-03-01T14:46:22","modified_gmt":"2023-03-01T17:46:22","slug":"em-2022-brasil-registra-menor-numero-de-assassinatos-em-15-anos","status":"publish","type":"post","link":"https:\/\/dgospel.com.br\/portal\/index.php\/2023\/03\/01\/em-2022-brasil-registra-menor-numero-de-assassinatos-em-15-anos\/","title":{"rendered":"Em 2022, Brasil registra menor n\u00famero de assassinatos em 15 anos"},"content":{"rendered":"\n<p>Dados divulgados nesta quarta-feira, 1\u00ba, pelo portal&nbsp;<em>G1<\/em>, que coleta e analisa estat\u00edsticas dos 26 Estados e do Distrito Federal, mostram que o n\u00famero de assassinatos em 2022, no \u00faltimo ano do governo de Jair Bolsonaro, foi o menor registrado no pa\u00eds desde 2007, quando come\u00e7ou a s\u00e9rie hist\u00f3rica do<a href=\"https:\/\/forumseguranca.org.br\/\">&nbsp;<strong>F\u00f3rum Brasileiro de Seguran\u00e7a P\u00fablica (FBSP)<\/strong><\/a>.<\/p>\n\n\n\n<p>Foram 40,8 mil mortes no ano passado, o que perfaz a m\u00e9dia de 110 assassinatos por dia no pa\u00eds. Na compara\u00e7\u00e3o com 2021, quando foram registrados 41,2 mil assassinatos, a queda foi 1%. Os dados coletados pelo&nbsp;<em>G1<\/em>, e analisados em parceria com o FBSP e&nbsp; o N\u00facleo de Estudos da Viol\u00eancia da Universidade de S\u00e3o Paulo (NEV-USP), incluem homic\u00eddios e latroc\u00ednios.<\/p>\n\n\n\n<p>A mortalidade por este tipo de causa no pa\u00eds s\u00f3 cresceu desde 2007, e o \u00e1pice foi em 2017, quando mais de 59 mil assassinatos foram registrados. A partir de 2018, houve queda para 51,6 mil, e, desde ent\u00e3o, o n\u00famero de crimes permaneceu inferior a 45 mil por ano. Em 2020, houve aumento, mas nos dois anos seguintes, foram registrados os menores n\u00fameros da s\u00e9rie hist\u00f3rica. Em cinco anos, entre 2017 e 2022, foram 18 mil mortes a menos, o que corresponde a uma redu\u00e7\u00e3o de 31%.<\/p>\n\n\n\n<p>Veja o n\u00famero de assassinatos registrados no Brasil desde 2007, segundo o&nbsp;<em>G1<\/em>:<\/p>\n\n\n\n<ul><li>2007 \u2014 44.625<\/li><li>2008 \u2014 45.885<\/li><li>2009 \u2014 44.518<\/li><li>2010 \u2014 43.272<\/li><li>2011 \u2014 48.084<\/li><li>2012 \u2014 53.054<\/li><li>2013 \u2014 54.163<\/li><li>2014 \u2014 57.091<\/li><li>2015 \u2014 55.574<\/li><li>2016 \u2014 57.842<\/li><li>2017 \u2014 59.128<\/li><li>2018 \u2014 51.558<\/li><li>2019 \u2014 41.730<\/li><li>2020 \u2014 44.061<\/li><li>2021 \u2014 41.019<\/li><li>2022 \u2014 40.824<\/li><\/ul>\n\n\n\n<p>Especialistas ouvidos pelo portal&nbsp;<em>G1<\/em>&nbsp;afirmam que v\u00e1rios fatores influenciaram na queda dos n\u00fameros de assassinatos, como pol\u00edticas p\u00fablicas estaduais, mudan\u00e7a nas din\u00e2micas dos grupos criminosos, mais recursos dispon\u00edveis para o setor da seguran\u00e7a p\u00fablica, entre outros.<\/p>\n\n\n\n<p>O per\u00edodo em que se observa a queda mais acentuada coincide com a regulamenta\u00e7\u00e3o para facilitar o acesso a armas legais para pessoas que preenchem requisitos, incluindo a certid\u00e3o negativa de qualquer crime. Para especialistas em seguran\u00e7a p\u00fablica, o armamento da popula\u00e7\u00e3o civil pode inibir as a\u00e7\u00f5es do criminoso, j\u00e1 que n\u00e3o ter\u00e1 mais a certeza de que a v\u00edtima n\u00e3o reagir\u00e1.<a href=\"https:\/\/revistaoeste.com\/revista\/edicao-125\/o-direito-as-armas\/\">&nbsp;<strong>Dados mostram que nos pa\u00edses mais armados o n\u00famero de mortes \u00e9 muito menor<\/strong><\/a>.<\/p>\n\n\n\n<p>O levantamento do&nbsp;<em>G1<\/em>&nbsp;mostra que, apesar do n\u00famero de assassinatos ter diminu\u00eddo no pa\u00eds, houve aumento em 14 das 27 unidades da federa\u00e7\u00e3o, como Acre e Mato Grosso, onde o n\u00famero aumentou 24%, na compara\u00e7\u00e3o com o ano anterior. Abaixo, um&nbsp;<em>ranking&nbsp;<\/em>dos Estados com maior taxa de assassinatos, considerando o n\u00famero de mortes&nbsp; a cada 100 mil habitantes.<\/p>\n\n\n\n<ul><li>Alagoas: 33,5&nbsp; (mortes a cada 100 mil habitantes)<\/li><li>Amazonas: 33,5<\/li><li>Cear\u00e1: 32,2<\/li><li>Rio Grande do Norte: 30,9<\/li><li>Rond\u00f4nia: 28,5<\/li><li>Roraima: 28<\/li><li>Tocantins: 27,2<\/li><li>Mato Grosso: 27<\/li><li>Para\u00edba: 26,9<\/li><li>Par\u00e1: 25,9<\/li><li>Amap\u00e1: 25,8<\/li><li>Esp\u00edrito Santo: 25,6<\/li><li>Sergipe: 25,4<\/li><li>Piau\u00ed: 24,9<\/li><li>Maranh\u00e3o: 24,8<\/li><li>Acre: 23,8<\/li><li>Mato Grosso do Sul: 18<\/li><li>Rio de Janeiro: 18<\/li><li>Paran\u00e1: 17,7<\/li><li>Goi\u00e1s: 17,1<\/li><li>Rio Grande do Sul: 15,3<\/li><li>Minas Gerais: 12<\/li><li>Distrito Federal: 9,7<\/li><li>Santa Catarina: 8,7<\/li><li>S\u00e3o Paulo: 7,1<\/li><\/ul>\n","protected":false},"excerpt":{"rendered":"<p>Dados divulgados nesta quarta-feira, 1\u00ba, pelo portal&nbsp;G1, que coleta e analisa estat\u00edsticas dos 26 Estados e do Distrito Federal, mostram que o n\u00famero de assassinatos em 2022, no \u00faltimo ano do governo de Jair Bolsonaro, foi o menor registrado no pa\u00eds desde 2007, quando come\u00e7ou a s\u00e9rie hist\u00f3rica do&nbsp;F\u00f3rum Brasileiro de Seguran\u00e7a P\u00fablica (FBSP). Foram [&hellip;]<\/p>\n","protected":false},"author":2,"featured_media":14901,"comment_status":"open","ping_status":"open","sticky":false,"template":"","format":"standard","meta":[],"categories":[10],"tags":[13],"_links":{"self":[{"href":"https:\/\/dgospel.com.br\/portal\/index.php\/wp-json\/wp\/v2\/posts\/14900"}],"collection":[{"href":"https:\/\/dgospel.com.br\/portal\/index.php\/wp-json\/wp\/v2\/posts"}],"about":[{"href":"https:\/\/dgospel.com.br\/portal\/index.php\/wp-json\/wp\/v2\/types\/post"}],"author":[{"embeddable":true,"href":"https:\/\/dgospel.com.br\/portal\/index.php\/wp-json\/wp\/v2\/users\/2"}],"replies":[{"embeddable":true,"href":"https:\/\/dgospel.com.br\/portal\/index.php\/wp-json\/wp\/v2\/comments?post=14900"}],"version-history":[{"count":1,"href":"https:\/\/dgospel.com.br\/portal\/index.php\/wp-json\/wp\/v2\/posts\/14900\/revisions"}],"predecessor-version":[{"id":14902,"href":"https:\/\/dgospel.com.br\/portal\/index.php\/wp-json\/wp\/v2\/posts\/14900\/revisions\/14902"}],"wp:featuredmedia":[{"embeddable":true,"href":"https:\/\/dgospel.com.br\/portal\/index.php\/wp-json\/wp\/v2\/media\/14901"}],"wp:attachment":[{"href":"https:\/\/dgospel.com.br\/portal\/index.php\/wp-json\/wp\/v2\/media?parent=14900"}],"wp:term":[{"taxonomy":"category","embeddable":true,"href":"https:\/\/dgospel.com.br\/portal\/index.php\/wp-json\/wp\/v2\/categories?post=14900"},{"taxonomy":"post_tag","embeddable":true,"href":"https:\/\/dgospel.com.br\/portal\/index.php\/wp-json\/wp\/v2\/tags?post=14900"}],"curies":[{"name":"wp","href":"https:\/\/api.w.org\/{rel}","templated":true}]}}