{"id":14903,"date":"2023-03-01T14:48:35","date_gmt":"2023-03-01T17:48:35","guid":{"rendered":"http:\/\/dgospel.com.br\/portal\/?p=14903"},"modified":"2023-03-01T14:48:36","modified_gmt":"2023-03-01T17:48:36","slug":"quem-sao-os-33-senadores-que-assinaram-a-cpmi-do-8-de-janeiro","status":"publish","type":"post","link":"https:\/\/dgospel.com.br\/portal\/index.php\/2023\/03\/01\/quem-sao-os-33-senadores-que-assinaram-a-cpmi-do-8-de-janeiro\/","title":{"rendered":"Quem s\u00e3o os 33 senadores que assinaram a CPMI do 8 de janeiro"},"content":{"rendered":"\n<p><a href=\"https:\/\/revistaoeste.com\/no-ponto\/parlamentares-protocolam-pedido-de-cpmi-do-8-de-janeiro\/\" target=\"_blank\" rel=\"noreferrer noopener\"><strong>Conforme noticiou Oeste<\/strong><\/a>, na noite da segunda-feira 27, a Comiss\u00e3o Parlamentar Mista de Inqu\u00e9rito (CPMI) do 8 de janeiro foi protocolada no Congresso Nacional. O objetivo \u00e9 apurar os respons\u00e1veis pelos atos de vandalismo que aconteceram na Pra\u00e7a dos Tr\u00eas Poderes. A CPMI quer investigar se houve leni\u00eancia do governo federal com quem destruiu pr\u00e9dios p\u00fablicos. No total, foram contabilizadas as assinaturas de 189 deputados federais e 33 senadores.<\/p>\n\n\n\n<p>Nas \u00faltimas semanas, houve intensa busca nas redes sociais de eleitores que procuravam saber se os parlamentares a quem eles elegeram teriam assinado a CPMI, que \u00e9 de autoria do deputado federal&nbsp;<a href=\"https:\/\/twitter.com\/andrefernm\" target=\"_blank\" rel=\"noreferrer noopener\"><strong>Andr\u00e9 Fernandes (PL-CE).<\/strong>&nbsp;<\/a>Por esse motivo,&nbsp;<strong>Oeste<\/strong>&nbsp;separou os nomes de todos os senadores que apoiaram a iniciativa.<\/p>\n\n\n\n<ol><li>Zequinha Marinho (PL-PA);<\/li><li>Rog\u00e9rio Marinho (PL-RN);<\/li><li>Magno Malta (PL-ES);<\/li><li>Wellington Fagundes (PL-MT);<\/li><li>Izalci Lucas (PSDB-DF);<\/li><li>Mecias de Jesus (Republicanos-RR);<\/li><li>Eduardo Gir\u00e3o (Novo-CE);<\/li><li>Pl\u00ednio Val\u00e9rio (PSDB-AM);<\/li><li>Esperidi\u00e3o Amin (PP-SC);<\/li><li>Fl\u00e1vio Bolsonaro (PL-RJ);<\/li><li>Alan Rick (Uni\u00e3o Brasil-AC);<\/li><li>Carlos Portinho (PL-RJ);<\/li><li>Marcos Pontes (PL-SP);<\/li><li>Jorge Seif (PL-SC);<\/li><li>Hamilton Mour\u00e3o (Republicanos-RS);<\/li><li>Jaime Bagattoli (PL-SC);<\/li><li>Damares Alves (Republicanos-DF);<\/li><li>Lu\u00eds Carlos Heinze (PP-RS)<\/li><li>Eduardo Gomes (PL-TO);<\/li><li>Ciro Nogueira (PP-PI);<\/li><li>Styvenson Valentim (Podemos-RN);<\/li><li>Wilder Morais (PL-GO);<\/li><li>Cleitinho Azevedo (Republicanos-MG);<\/li><li>Tereza Cristina (PP-MS);<\/li><li>Marcos do Val (Podemos-ES);<\/li><li>Sergio Moro (Uni\u00e3o Brasil-PR);<\/li><li>Marcio Bittar (Uni\u00e3o Brasil-AC);<\/li><li>Dr. Hiran (PP-RR);<\/li><li>Nelsinho Trad (PSD-MS);<\/li><li>Carlos Viana (Podemos-MG);<\/li><li>Oriovisto Guimar\u00e3es (Podemos-PR);<\/li><li>Professora Dorinha (Uni\u00e3o Brasil \u2013 TO);<\/li><li>Efraim Filho (Uni\u00e3o Brasil-PB).<\/li><\/ol>\n\n\n\n<p><a href=\"https:\/\/revistaoeste.com\/no-ponto\/quem-sao-os-173-deputados-que-assinaram-a-cpmi-de-8-de-janeiro\/\" target=\"_blank\" rel=\"noreferrer noopener\"><strong>Aqui, o leitor pode conferir os nomes de todos os deputados que aderiram \u00e0 comiss\u00e3o.&nbsp;<\/strong><\/a>Agora o parlamentar espera que o presidente do Senado, Rodrigo Pacheco (PSD-MG),<a href=\"https:\/\/revistaoeste.com\/no-ponto\/andre-fernandes-sobre-cpmi-pacheco-tem-que-pautar\/\" target=\"_blank\" rel=\"noreferrer noopener\"><strong>&nbsp;leia o requerimento da CPMI.<\/strong><\/a><\/p>\n\n\n\n<p>\u201cO Congresso pode se sentir desrespeitado e travar a pauta at\u00e9 que o regimento seja cumprido\u201d, explicou Fernandes. \u201cO pr\u00f3ximo passo \u00e9 articular a presid\u00eancia e o relator, para n\u00e3o deixar nas m\u00e3os de quem quer fazer politicagem.\u201d<\/p>\n","protected":false},"excerpt":{"rendered":"<p>Conforme noticiou Oeste, na noite da segunda-feira 27, a Comiss\u00e3o Parlamentar Mista de Inqu\u00e9rito (CPMI) do 8 de janeiro foi protocolada no Congresso Nacional. O objetivo \u00e9 apurar os respons\u00e1veis pelos atos de vandalismo que aconteceram na Pra\u00e7a dos Tr\u00eas Poderes. A CPMI quer investigar se houve leni\u00eancia do governo federal com quem destruiu pr\u00e9dios [&hellip;]<\/p>\n","protected":false},"author":2,"featured_media":14904,"comment_status":"open","ping_status":"open","sticky":false,"template":"","format":"standard","meta":[],"categories":[8],"tags":[],"_links":{"self":[{"href":"https:\/\/dgospel.com.br\/portal\/index.php\/wp-json\/wp\/v2\/posts\/14903"}],"collection":[{"href":"https:\/\/dgospel.com.br\/portal\/index.php\/wp-json\/wp\/v2\/posts"}],"about":[{"href":"https:\/\/dgospel.com.br\/portal\/index.php\/wp-json\/wp\/v2\/types\/post"}],"author":[{"embeddable":true,"href":"https:\/\/dgospel.com.br\/portal\/index.php\/wp-json\/wp\/v2\/users\/2"}],"replies":[{"embeddable":true,"href":"https:\/\/dgospel.com.br\/portal\/index.php\/wp-json\/wp\/v2\/comments?post=14903"}],"version-history":[{"count":1,"href":"https:\/\/dgospel.com.br\/portal\/index.php\/wp-json\/wp\/v2\/posts\/14903\/revisions"}],"predecessor-version":[{"id":14905,"href":"https:\/\/dgospel.com.br\/portal\/index.php\/wp-json\/wp\/v2\/posts\/14903\/revisions\/14905"}],"wp:featuredmedia":[{"embeddable":true,"href":"https:\/\/dgospel.com.br\/portal\/index.php\/wp-json\/wp\/v2\/media\/14904"}],"wp:attachment":[{"href":"https:\/\/dgospel.com.br\/portal\/index.php\/wp-json\/wp\/v2\/media?parent=14903"}],"wp:term":[{"taxonomy":"category","embeddable":true,"href":"https:\/\/dgospel.com.br\/portal\/index.php\/wp-json\/wp\/v2\/categories?post=14903"},{"taxonomy":"post_tag","embeddable":true,"href":"https:\/\/dgospel.com.br\/portal\/index.php\/wp-json\/wp\/v2\/tags?post=14903"}],"curies":[{"name":"wp","href":"https:\/\/api.w.org\/{rel}","templated":true}]}}