{"id":14906,"date":"2023-03-01T14:56:24","date_gmt":"2023-03-01T17:56:24","guid":{"rendered":"http:\/\/dgospel.com.br\/portal\/?p=14906"},"modified":"2023-03-01T14:56:25","modified_gmt":"2023-03-01T17:56:25","slug":"bolsonaro-critica-volta-dos-impostos-sobre-combustiveis","status":"publish","type":"post","link":"https:\/\/dgospel.com.br\/portal\/index.php\/2023\/03\/01\/bolsonaro-critica-volta-dos-impostos-sobre-combustiveis\/","title":{"rendered":"Bolsonaro critica volta dos impostos sobre combust\u00edveis"},"content":{"rendered":"\n<p>O presidente&nbsp;<a href=\"https:\/\/twitter.com\/jairbolsonaro\" target=\"_blank\" rel=\"noreferrer noopener\"><strong>Jair Bolsonaro<\/strong><\/a>&nbsp;criticou a volta do imposto sobre os combust\u00edveis, determinada pelo governo Lula.<\/p>\n\n\n\n<p>Bolsonaro lembrou da redu\u00e7\u00e3o do IPI em 4 mil produtos e a isen\u00e7\u00e3o de PIS e Cofins dos combust\u00edveis durante a sua gest\u00e3o. O ex-presidente classificou a volta dos tributos sobre combust\u00edveis como \u201cinaceit\u00e1vel\u201d.<\/p>\n\n\n\n<p>\u201cEm nosso governo, reduzimos o IPI de 4 mil produtos e os impostos de muitos outros\u201d, observou. \u201cZeramos o imposto federal (PIS\/Cofins) do g\u00e1s de cozinha, diesel, etanol e da gasolina. Mesmo assim, m\u00eas a m\u00eas, v\u00ednhamos batendo recordes em arrecada\u00e7\u00e3o. Inaceit\u00e1vel o aumento dos combust\u00edveis ora anunciado pelo atual governo.\u201d<\/p>\n\n\n\n<p><\/p>\n\n\n\n<figure class=\"wp-block-image size-full\"><img loading=\"lazy\" width=\"560\" height=\"595\" src=\"http:\/\/dgospel.com.br\/portal\/wp-content\/uploads\/2023\/03\/00000.jpg\" alt=\"\" class=\"wp-image-14907\" srcset=\"https:\/\/dgospel.com.br\/portal\/wp-content\/uploads\/2023\/03\/00000.jpg 560w, https:\/\/dgospel.com.br\/portal\/wp-content\/uploads\/2023\/03\/00000-282x300.jpg 282w, https:\/\/dgospel.com.br\/portal\/wp-content\/uploads\/2023\/03\/00000-338x360.jpg 338w, https:\/\/dgospel.com.br\/portal\/wp-content\/uploads\/2023\/03\/00000-161x172.jpg 161w\" sizes=\"(max-width: 560px) 100vw, 560px\" \/><\/figure>\n\n\n\n<p>Com a volta dos tributos federais,&nbsp;<a href=\"https:\/\/revistaoeste.com\/economia\/governo-aumenta-047-preco-da-gasolina\/\" target=\"_blank\" rel=\"noreferrer noopener\"><strong>o pre\u00e7o da gasolina vai aumentar R$ 0,47<\/strong><\/a>, segundo o governo. O etanol tamb\u00e9m voltou a ser tributado e vai aumentar R$ 0,01.<\/p>\n\n\n\n<p>Al\u00e9m disso, o ministro da Fazenda, Fernando Haddad, tamb\u00e9m anunciou o restabelecimento do imposto sobre a exporta\u00e7\u00e3o de petr\u00f3leo cru, com dura\u00e7\u00e3o de quatro meses. A exporta\u00e7\u00e3o vai ter uma al\u00edquota de 9,2%.<\/p>\n\n\n\n<p>Com a volta dos impostos, o governo federal vai arrecadar cerca de R$ 30 bilh\u00f5es ao longo deste ano.<\/p>\n","protected":false},"excerpt":{"rendered":"<p>O presidente&nbsp;Jair Bolsonaro&nbsp;criticou a volta do imposto sobre os combust\u00edveis, determinada pelo governo Lula. Bolsonaro lembrou da redu\u00e7\u00e3o do IPI em 4 mil produtos e a isen\u00e7\u00e3o de PIS e Cofins dos combust\u00edveis durante a sua gest\u00e3o. O ex-presidente classificou a volta dos tributos sobre combust\u00edveis como \u201cinaceit\u00e1vel\u201d. \u201cEm nosso governo, reduzimos o IPI de [&hellip;]<\/p>\n","protected":false},"author":2,"featured_media":14908,"comment_status":"open","ping_status":"open","sticky":false,"template":"","format":"standard","meta":[],"categories":[4],"tags":[13],"_links":{"self":[{"href":"https:\/\/dgospel.com.br\/portal\/index.php\/wp-json\/wp\/v2\/posts\/14906"}],"collection":[{"href":"https:\/\/dgospel.com.br\/portal\/index.php\/wp-json\/wp\/v2\/posts"}],"about":[{"href":"https:\/\/dgospel.com.br\/portal\/index.php\/wp-json\/wp\/v2\/types\/post"}],"author":[{"embeddable":true,"href":"https:\/\/dgospel.com.br\/portal\/index.php\/wp-json\/wp\/v2\/users\/2"}],"replies":[{"embeddable":true,"href":"https:\/\/dgospel.com.br\/portal\/index.php\/wp-json\/wp\/v2\/comments?post=14906"}],"version-history":[{"count":1,"href":"https:\/\/dgospel.com.br\/portal\/index.php\/wp-json\/wp\/v2\/posts\/14906\/revisions"}],"predecessor-version":[{"id":14909,"href":"https:\/\/dgospel.com.br\/portal\/index.php\/wp-json\/wp\/v2\/posts\/14906\/revisions\/14909"}],"wp:featuredmedia":[{"embeddable":true,"href":"https:\/\/dgospel.com.br\/portal\/index.php\/wp-json\/wp\/v2\/media\/14908"}],"wp:attachment":[{"href":"https:\/\/dgospel.com.br\/portal\/index.php\/wp-json\/wp\/v2\/media?parent=14906"}],"wp:term":[{"taxonomy":"category","embeddable":true,"href":"https:\/\/dgospel.com.br\/portal\/index.php\/wp-json\/wp\/v2\/categories?post=14906"},{"taxonomy":"post_tag","embeddable":true,"href":"https:\/\/dgospel.com.br\/portal\/index.php\/wp-json\/wp\/v2\/tags?post=14906"}],"curies":[{"name":"wp","href":"https:\/\/api.w.org\/{rel}","templated":true}]}}