{"id":1491,"date":"2018-10-03T08:55:58","date_gmt":"2018-10-03T11:55:58","guid":{"rendered":"http:\/\/dgospel.com.br\/portal\/?p=1491"},"modified":"2018-10-03T08:55:58","modified_gmt":"2018-10-03T11:55:58","slug":"wanderley-barbosa-apresenta-propostas-para-empresarios-de-araguaina","status":"publish","type":"post","link":"https:\/\/dgospel.com.br\/portal\/index.php\/2018\/10\/03\/wanderley-barbosa-apresenta-propostas-para-empresarios-de-araguaina\/","title":{"rendered":"Wanderley Barbosa apresenta propostas para empres\u00e1rios de Aragua\u00edna"},"content":{"rendered":"<p class=\"yiv1648635182MsoNormal\">Representando o Governador e candidato \u00e0 reelei\u00e7\u00e3o Mauro Carlesse (PHS), o vice-governador Wanderlei Barbosa (PHS) reuniu-se na noite desta ter\u00e7a-feira, 2, com empres\u00e1rios de Aragua\u00edna. No encontro, que aconteceu na sede da Associa\u00e7\u00e3o Comercial e Industrial de Aragua\u00edna (Aciara), o candidato apresentou propostas e ouviu demandas do setor produtivo da cidade.<\/p>\n<p class=\"yiv1648635182MsoNormal\">Wanderlei Barbosa lembrou que o Governo Carlesse tem trabalhado para desburocratizar os tr\u00e2mites empresariais e a carga tribut\u00e1ria do Estado e citou que o Governo recebeu um amplo estudo sobre o tema, realizado pelo Sindicato dos Auditores Fiscais da Receita Estadual do Estado do Tocantins (Sindare).<\/p>\n<p class=\"yiv1648635182MsoNormal\">\u201cO Governador \u00e9 sens\u00edvel \u00e0s quest\u00f5es empresariais, n\u00e3o apenas por ser empres\u00e1rio, mas tamb\u00e9m por saber da import\u00e2ncia do setor para o desenvolvimento do estado. Por isso, este documento ser\u00e1 entregue a ele, e as demandas dos empres\u00e1rios de Aragua\u00edna e de todo o estado ser\u00e3o levados a s\u00e9rio pelo Governo Carlesse\u201d, disse o vice-governador.<\/p>\n<p class=\"yiv1648635182MsoNormal\">Dentre as demandas apresentadas e entregues ao vice-governador pelos empres\u00e1rios est\u00e1 mudan\u00e7as no C\u00f3digo Tribut\u00e1rio do Estado, segundo eles desfasado desde 2001; redu\u00e7\u00e3o da quantidade de documentos exigidos para a abertura de empresas; amplia\u00e7\u00e3o do sublimite das micros e pequenas empresas, entre outras.<\/p>\n<p class=\"yiv1648635182MsoNormal\">\u201cO Tocantins re\u00fane um conjunto de grandes potencialidades para o desenvolvimento de uma pol\u00edtica de crescimento econ\u00f4mico e social com condi\u00e7\u00f5es de elevar o estado a um n\u00edvel elevado de progresso. O envolvimento do setor produtivo no processo de discuss\u00e3o e formata\u00e7\u00e3o das a\u00e7\u00f5es a serem implementadas s\u00e3o condi\u00e7\u00f5es priorit\u00e1rias da Gest\u00e3o Carlesse\u201d, concluiu Wanderlei Barbosa.<\/p>\n<p class=\"yiv1648635182MsoNormal\"><b>Presente<\/b><\/p>\n<p class=\"yiv1648635182MsoNormal\">Acompanhou o vice-governador Wanderlei Barbosa na reuni\u00e3o com os empres\u00e1rios na Aciara, o prefeito de Aragua\u00edna, Ronaldo Dimas.<\/p>\n","protected":false},"excerpt":{"rendered":"<p>Representando o Governador e candidato \u00e0 reelei\u00e7\u00e3o Mauro Carlesse (PHS), o vice-governador Wanderlei Barbosa (PHS) reuniu-se na noite desta ter\u00e7a-feira, 2, com empres\u00e1rios de Aragua\u00edna. No encontro, que aconteceu na sede da Associa\u00e7\u00e3o Comercial e Industrial de Aragua\u00edna (Aciara), o candidato apresentou propostas e ouviu demandas do setor produtivo da cidade. Wanderlei Barbosa lembrou que [&hellip;]<\/p>\n","protected":false},"author":2,"featured_media":1492,"comment_status":"open","ping_status":"open","sticky":false,"template":"","format":"standard","meta":[],"categories":[2,4],"tags":[],"_links":{"self":[{"href":"https:\/\/dgospel.com.br\/portal\/index.php\/wp-json\/wp\/v2\/posts\/1491"}],"collection":[{"href":"https:\/\/dgospel.com.br\/portal\/index.php\/wp-json\/wp\/v2\/posts"}],"about":[{"href":"https:\/\/dgospel.com.br\/portal\/index.php\/wp-json\/wp\/v2\/types\/post"}],"author":[{"embeddable":true,"href":"https:\/\/dgospel.com.br\/portal\/index.php\/wp-json\/wp\/v2\/users\/2"}],"replies":[{"embeddable":true,"href":"https:\/\/dgospel.com.br\/portal\/index.php\/wp-json\/wp\/v2\/comments?post=1491"}],"version-history":[{"count":1,"href":"https:\/\/dgospel.com.br\/portal\/index.php\/wp-json\/wp\/v2\/posts\/1491\/revisions"}],"predecessor-version":[{"id":1493,"href":"https:\/\/dgospel.com.br\/portal\/index.php\/wp-json\/wp\/v2\/posts\/1491\/revisions\/1493"}],"wp:featuredmedia":[{"embeddable":true,"href":"https:\/\/dgospel.com.br\/portal\/index.php\/wp-json\/wp\/v2\/media\/1492"}],"wp:attachment":[{"href":"https:\/\/dgospel.com.br\/portal\/index.php\/wp-json\/wp\/v2\/media?parent=1491"}],"wp:term":[{"taxonomy":"category","embeddable":true,"href":"https:\/\/dgospel.com.br\/portal\/index.php\/wp-json\/wp\/v2\/categories?post=1491"},{"taxonomy":"post_tag","embeddable":true,"href":"https:\/\/dgospel.com.br\/portal\/index.php\/wp-json\/wp\/v2\/tags?post=1491"}],"curies":[{"name":"wp","href":"https:\/\/api.w.org\/{rel}","templated":true}]}}