{"id":14910,"date":"2023-03-01T15:04:46","date_gmt":"2023-03-01T18:04:46","guid":{"rendered":"http:\/\/dgospel.com.br\/portal\/?p=14910"},"modified":"2023-03-01T15:04:47","modified_gmt":"2023-03-01T18:04:47","slug":"lula-se-tem-gente-com-fome-tem-gente-comendo-demais","status":"publish","type":"post","link":"https:\/\/dgospel.com.br\/portal\/index.php\/2023\/03\/01\/lula-se-tem-gente-com-fome-tem-gente-comendo-demais\/","title":{"rendered":"Lula: \u2018Se tem gente com fome, tem gente comendo demais\u2019"},"content":{"rendered":"\n<p>Durante a cerim\u00f4nia de recria\u00e7\u00e3o do\u00a0<a rel=\"noreferrer noopener\" href=\"http:\/\/www4.planalto.gov.br\/consea\/\" target=\"_blank\"><strong>Conselho Nacional de Seguran\u00e7a Alimentar e Nutricional (Consea)<\/strong><\/a>, o presidente Lula explicou as causas da fome no pa\u00eds. \u201cSe produzimos alimentos demais neste pa\u00eds, e tem gente com fome, significa que algu\u00e9m est\u00e1 comendo mais do que deveria para que o outro possa comer pouco\u201d, observou o petista, na ter\u00e7a-feira 28. \u201cSignifica que estamos desperdi\u00e7ando alimento. Significa que alguma coisa est\u00e1 errada.\u201d<\/p>\n\n\n\n<p><\/p>\n\n\n\n<figure class=\"wp-block-image size-full\"><img loading=\"lazy\" width=\"579\" height=\"579\" src=\"http:\/\/dgospel.com.br\/portal\/wp-content\/uploads\/2023\/03\/0000.jpg\" alt=\"\" class=\"wp-image-14911\" srcset=\"https:\/\/dgospel.com.br\/portal\/wp-content\/uploads\/2023\/03\/0000.jpg 579w, https:\/\/dgospel.com.br\/portal\/wp-content\/uploads\/2023\/03\/0000-300x300.jpg 300w, https:\/\/dgospel.com.br\/portal\/wp-content\/uploads\/2023\/03\/0000-150x150.jpg 150w\" sizes=\"(max-width: 579px) 100vw, 579px\" \/><\/figure>\n\n\n\n<p>De acordo com Lula, alem da fome, outra coisa est\u00e1 matando os brasileiros. \u201cAs pessoas comem muita comida industrializada e pensam que s\u00e3o saud\u00e1veis\u201d, disse. \u201cTem gente morrendo de fome, e gente morrendo de gordura.\u201d<\/p>\n\n\n\n<p>Al\u00e9m da assinatura de decretos da reinstala\u00e7\u00e3o do Consea e da C\u00e2mara Interministerial de Seguran\u00e7a Alimentar e Nutricional, o governo prop\u00f4s a reuni\u00e3o dos pequenos e m\u00e9dios produtores para facilitar a produ\u00e7\u00e3o de mais alimentos.<\/p>\n\n\n\n<p>Durante a campanha eleitoral, Lula disse que, quando encerrou seu segundo mandato, em 2010, achou que nunca mais fosse falar de fome no Brasil. O petista culpou os governos Michel Temer e Jair Bolsonaro pela suposta volta da inseguran\u00e7a alimentar no pa\u00eds. O presidente chegou a dizer que, ao deixar o Pal\u00e1cio do Planalto, n\u00e3o havia mais famintos no Brasil. Na ocasi\u00e3o, contudo, havia 11 milh\u00f5es de brasileiros nessas condi\u00e7\u00f5es.<\/p>\n","protected":false},"excerpt":{"rendered":"<p>Durante a cerim\u00f4nia de recria\u00e7\u00e3o do\u00a0Conselho Nacional de Seguran\u00e7a Alimentar e Nutricional (Consea), o presidente Lula explicou as causas da fome no pa\u00eds. \u201cSe produzimos alimentos demais neste pa\u00eds, e tem gente com fome, significa que algu\u00e9m est\u00e1 comendo mais do que deveria para que o outro possa comer pouco\u201d, observou o petista, na ter\u00e7a-feira [&hellip;]<\/p>\n","protected":false},"author":2,"featured_media":14912,"comment_status":"open","ping_status":"open","sticky":false,"template":"","format":"standard","meta":[],"categories":[10],"tags":[],"_links":{"self":[{"href":"https:\/\/dgospel.com.br\/portal\/index.php\/wp-json\/wp\/v2\/posts\/14910"}],"collection":[{"href":"https:\/\/dgospel.com.br\/portal\/index.php\/wp-json\/wp\/v2\/posts"}],"about":[{"href":"https:\/\/dgospel.com.br\/portal\/index.php\/wp-json\/wp\/v2\/types\/post"}],"author":[{"embeddable":true,"href":"https:\/\/dgospel.com.br\/portal\/index.php\/wp-json\/wp\/v2\/users\/2"}],"replies":[{"embeddable":true,"href":"https:\/\/dgospel.com.br\/portal\/index.php\/wp-json\/wp\/v2\/comments?post=14910"}],"version-history":[{"count":1,"href":"https:\/\/dgospel.com.br\/portal\/index.php\/wp-json\/wp\/v2\/posts\/14910\/revisions"}],"predecessor-version":[{"id":14913,"href":"https:\/\/dgospel.com.br\/portal\/index.php\/wp-json\/wp\/v2\/posts\/14910\/revisions\/14913"}],"wp:featuredmedia":[{"embeddable":true,"href":"https:\/\/dgospel.com.br\/portal\/index.php\/wp-json\/wp\/v2\/media\/14912"}],"wp:attachment":[{"href":"https:\/\/dgospel.com.br\/portal\/index.php\/wp-json\/wp\/v2\/media?parent=14910"}],"wp:term":[{"taxonomy":"category","embeddable":true,"href":"https:\/\/dgospel.com.br\/portal\/index.php\/wp-json\/wp\/v2\/categories?post=14910"},{"taxonomy":"post_tag","embeddable":true,"href":"https:\/\/dgospel.com.br\/portal\/index.php\/wp-json\/wp\/v2\/tags?post=14910"}],"curies":[{"name":"wp","href":"https:\/\/api.w.org\/{rel}","templated":true}]}}