{"id":14923,"date":"2023-03-01T16:11:56","date_gmt":"2023-03-01T19:11:56","guid":{"rendered":"http:\/\/dgospel.com.br\/portal\/?p=14923"},"modified":"2023-03-01T16:11:58","modified_gmt":"2023-03-01T19:11:58","slug":"2022-teve-a-menor-taxa-de-desemprego-desde-2015","status":"publish","type":"post","link":"https:\/\/dgospel.com.br\/portal\/index.php\/2023\/03\/01\/2022-teve-a-menor-taxa-de-desemprego-desde-2015\/","title":{"rendered":"2022 teve a menor taxa de desemprego desde 2015"},"content":{"rendered":"\n<p>Dados da Pesquisa Nacional por Amostra de Domic\u00edlios Cont\u00ednua (PNAD Cont\u00ednua) divulgados nesta ter\u00e7a-feira, 28 pelo Instituto Brasileiro de Geografia e Estat\u00edstica (IBGE) demonstram que a gest\u00e3o anterior do ex-presidente Jair Bolsonaro, teve as duas maiores taxas de desemprego da s\u00e9rie hist\u00f3rica da Pnad Cont\u00ednua com 13,8% em 2020 e 13,2% em 2021. A menor continua sendo a 2014 com 6,9%.<\/p>\n\n\n\n<p>A taxa m\u00e9dia de desemprego no Brasil recuou para 9,3% em 2022, mas ficou acima do per\u00edodo 2012-2015, que registrou os menores \u00edndices. O n\u00famero de desempregados recuou 27,9% ante 2021, para 10 milh\u00f5es. Em 2014 o contingente e desempregados era de 6,8 milh\u00f5es.<\/p>\n\n\n\n<p>Comparando os anos de 2022 com 2021 a taxa de desemprego registrou uma queda de 3,9%. De acordo com a pesquisa, o total de ocupados chegou a 98 milh\u00f5es, maior m\u00e9dia anual da s\u00e9rie, com crescimento de 7,4% sobre 2021. Mas o n\u00famero de empregados sem carteira no setor privado (12,9 milh\u00f5es) cresceu mais que o de trabalhadores com carteira (35,9 milh\u00f5es). Os aumentos foram de 14,9% e 9,2%, respectivamente.<\/p>\n\n\n\n<p>J\u00e1 o n\u00famero m\u00e9dio de trabalhadores por conta pr\u00f3pria subiu 2,6%, para 25,5 milh\u00f5es. Por sua vez, os empregados no setor dom\u00e9stico, onde predomina a informalidade, aumentou 12,2%, somando 5,8 milh\u00f5es. Com esses resultados, a taxa m\u00e9dia de informalidade oscilou de 40,1%, em 2021, para 39,6%. Mas fica acima das taxas registrada em 2016 (38,6%) e mesmo em 2020 (38,3%).<\/p>\n\n\n\n<p>Os desocupados foram estimados em 4,3 milh\u00f5es de pessoas, queda anual de 19,9%. O recorde desse grupo \u00e9 de 2020 (5,5 milh\u00f5es), enquanto o menor n\u00famero foi apurado em 2014 (1,5 milh\u00e3o).<\/p>\n\n\n\n<p>O valor m\u00e9dio do rendimento caiu 1% em rela\u00e7\u00e3o ao ano anterior, ficando em R$ 2.715, por\u00e9m, com o crescimento da ocupa\u00e7\u00e3o, o total da massa de rendimentos chegou a R$ 261,3 bilh\u00f5es, o maior da s\u00e9rie. No per\u00edodo de 2012 a 2022, a massa cresceu 12,6%.<\/p>\n\n\n\n<p>Entre os setores de atividade, o que inclui agricultura, pecu\u00e1ria, produ\u00e7\u00e3o florestal e aquicultura teve queda de 1,6% na ocupa\u00e7\u00e3o (8,7 milh\u00f5es de trabalhadores em 2022). Em 10 anos, retra\u00e7\u00e3o de 15,1%.<\/p>\n\n\n\n<p>No segmento de servi\u00e7os, as atividades de alojamento e alimenta\u00e7\u00e3o, bastante afetadas pela pandemia, cresceu 15,8% no ano passado (5,3 milh\u00f5es de ocupados). Em rela\u00e7\u00e3o a 2012, alta de 39,5%.<\/p>\n\n\n\n<p>J\u00e1 o setor que inclui com\u00e9rcio, repara\u00e7\u00e3o de ve\u00edculos automotores e motocicletas aumentou 9,4%, para 18,9 milh\u00f5es de empregados. Tamb\u00e9m ante 2012, expans\u00e3o de 12,6%.<\/p>\n\n\n\n<p>Por sua vez, a ind\u00fastria somou 12,6 milh\u00f5es de empregados, alta de 6,3% no ano passado. \u201c<em>Apesar desse aumento recente, de 2014 para 2022, a ind\u00fastria geral teve perda de 842 mil trabalhadores\u201d,<\/em>&nbsp;informou o IBGE.<\/p>\n\n\n\n<p>Na administra\u00e7\u00e3o p\u00fablica (incluindo defesa, seguridade, educa\u00e7\u00e3o, sa\u00fade humana e servi\u00e7os sociais), eram 17,1 milh\u00f5es de trabalhadores em 2022. Crescimento de 5,8% no ano e de 19,9% sobre 2012.<\/p>\n\n\n\n<p><em>\u201cO ano de 2021 foi de transi\u00e7\u00e3o, saindo do pior momento da s\u00e9rie hist\u00f3rica, sob o impacto da pandemia e do isolamento ocorrido em 2020. J\u00e1 2022 marca a consolida\u00e7\u00e3o do processo de recupera\u00e7\u00e3o\u201d<\/em>&nbsp;afirma a coordenadora de Trabalho e Rendimento do IBGE, Adriana Beringuy.<\/p>\n\n\n\n<p>Apenas no trimestre encerrado em dezembro, a taxa m\u00e9dia de desemprego recuou para 7,9%. S\u00e3o 8,6 milh\u00f5es de desempregados.<\/p>\n","protected":false},"excerpt":{"rendered":"<p>Dados da Pesquisa Nacional por Amostra de Domic\u00edlios Cont\u00ednua (PNAD Cont\u00ednua) divulgados nesta ter\u00e7a-feira, 28 pelo Instituto Brasileiro de Geografia e Estat\u00edstica (IBGE) demonstram que a gest\u00e3o anterior do ex-presidente Jair Bolsonaro, teve as duas maiores taxas de desemprego da s\u00e9rie hist\u00f3rica da Pnad Cont\u00ednua com 13,8% em 2020 e 13,2% em 2021. A menor [&hellip;]<\/p>\n","protected":false},"author":2,"featured_media":14924,"comment_status":"open","ping_status":"open","sticky":false,"template":"","format":"standard","meta":[],"categories":[10],"tags":[],"_links":{"self":[{"href":"https:\/\/dgospel.com.br\/portal\/index.php\/wp-json\/wp\/v2\/posts\/14923"}],"collection":[{"href":"https:\/\/dgospel.com.br\/portal\/index.php\/wp-json\/wp\/v2\/posts"}],"about":[{"href":"https:\/\/dgospel.com.br\/portal\/index.php\/wp-json\/wp\/v2\/types\/post"}],"author":[{"embeddable":true,"href":"https:\/\/dgospel.com.br\/portal\/index.php\/wp-json\/wp\/v2\/users\/2"}],"replies":[{"embeddable":true,"href":"https:\/\/dgospel.com.br\/portal\/index.php\/wp-json\/wp\/v2\/comments?post=14923"}],"version-history":[{"count":1,"href":"https:\/\/dgospel.com.br\/portal\/index.php\/wp-json\/wp\/v2\/posts\/14923\/revisions"}],"predecessor-version":[{"id":14925,"href":"https:\/\/dgospel.com.br\/portal\/index.php\/wp-json\/wp\/v2\/posts\/14923\/revisions\/14925"}],"wp:featuredmedia":[{"embeddable":true,"href":"https:\/\/dgospel.com.br\/portal\/index.php\/wp-json\/wp\/v2\/media\/14924"}],"wp:attachment":[{"href":"https:\/\/dgospel.com.br\/portal\/index.php\/wp-json\/wp\/v2\/media?parent=14923"}],"wp:term":[{"taxonomy":"category","embeddable":true,"href":"https:\/\/dgospel.com.br\/portal\/index.php\/wp-json\/wp\/v2\/categories?post=14923"},{"taxonomy":"post_tag","embeddable":true,"href":"https:\/\/dgospel.com.br\/portal\/index.php\/wp-json\/wp\/v2\/tags?post=14923"}],"curies":[{"name":"wp","href":"https:\/\/api.w.org\/{rel}","templated":true}]}}