{"id":14926,"date":"2023-03-02T11:57:13","date_gmt":"2023-03-02T14:57:13","guid":{"rendered":"http:\/\/dgospel.com.br\/portal\/?p=14926"},"modified":"2023-03-02T11:57:14","modified_gmt":"2023-03-02T14:57:14","slug":"toffoli-arquiva-investigacoes-da-cpi-da-covid-contra-bolsonaro","status":"publish","type":"post","link":"https:\/\/dgospel.com.br\/portal\/index.php\/2023\/03\/02\/toffoli-arquiva-investigacoes-da-cpi-da-covid-contra-bolsonaro\/","title":{"rendered":"Toffoli arquiva investiga\u00e7\u00f5es da CPI da Covid contra Bolsonaro"},"content":{"rendered":"\n<p>Duas investiga\u00e7\u00f5es da CPI da Covid que tinham o ex-presidente Jair Bolsonaro como alvo foram arquivadas pelo ministro Dias Toffoli, do Supremo Tribunal Federal (STF), acatando assim o pedido feito pela Procuradoria-Geral da Rep\u00fablica (PGR).<\/p>\n\n\n\n<p>Uma das a\u00e7\u00f5es acusava Bolsonaro de \u201cinfra\u00e7\u00e3o de medida sanit\u00e1ria preventiva\u201d por se negar a usar m\u00e1scara de prote\u00e7\u00e3o. Na segunda a\u00e7\u00e3o, ele era suspeito de \u201ccausar epidemia\u201d juntamente com os ent\u00e3o ministros Braga Netto, Eduardo Pazuello e Marcelo Queiroga.<\/p>\n\n\n\n<p>No entendimento da vice-procuradora-geral da Rep\u00fablica, Lind\u00f4ra Ara\u00fajo, n\u00e3o ha \u201cind\u00edcios m\u00ednimos\u201d para a abertura de inqu\u00e9ritos e Toffoli concordou com essa opini\u00e3o.<\/p>\n\n\n\n<p>\u2013 Se, dos fatos narrados e suas eventuais provas, apresentados, agora, \u00e0 autoridade a quem compete investigar e representar por abertura de inqu\u00e9rito perante esta Suprema Corte, n\u00e3o visualizou a Procuradoria-Geral da Rep\u00fablica substrato m\u00ednimo para tais medidas, deve-se acolher seu parecer pelo arquivamento \u2013 decidiu o ministro.<\/p>\n","protected":false},"excerpt":{"rendered":"<p>Duas investiga\u00e7\u00f5es da CPI da Covid que tinham o ex-presidente Jair Bolsonaro como alvo foram arquivadas pelo ministro Dias Toffoli, do Supremo Tribunal Federal (STF), acatando assim o pedido feito pela Procuradoria-Geral da Rep\u00fablica (PGR). Uma das a\u00e7\u00f5es acusava Bolsonaro de \u201cinfra\u00e7\u00e3o de medida sanit\u00e1ria preventiva\u201d por se negar a usar m\u00e1scara de prote\u00e7\u00e3o. Na [&hellip;]<\/p>\n","protected":false},"author":2,"featured_media":14927,"comment_status":"open","ping_status":"open","sticky":false,"template":"","format":"standard","meta":[],"categories":[10],"tags":[13],"_links":{"self":[{"href":"https:\/\/dgospel.com.br\/portal\/index.php\/wp-json\/wp\/v2\/posts\/14926"}],"collection":[{"href":"https:\/\/dgospel.com.br\/portal\/index.php\/wp-json\/wp\/v2\/posts"}],"about":[{"href":"https:\/\/dgospel.com.br\/portal\/index.php\/wp-json\/wp\/v2\/types\/post"}],"author":[{"embeddable":true,"href":"https:\/\/dgospel.com.br\/portal\/index.php\/wp-json\/wp\/v2\/users\/2"}],"replies":[{"embeddable":true,"href":"https:\/\/dgospel.com.br\/portal\/index.php\/wp-json\/wp\/v2\/comments?post=14926"}],"version-history":[{"count":1,"href":"https:\/\/dgospel.com.br\/portal\/index.php\/wp-json\/wp\/v2\/posts\/14926\/revisions"}],"predecessor-version":[{"id":14928,"href":"https:\/\/dgospel.com.br\/portal\/index.php\/wp-json\/wp\/v2\/posts\/14926\/revisions\/14928"}],"wp:featuredmedia":[{"embeddable":true,"href":"https:\/\/dgospel.com.br\/portal\/index.php\/wp-json\/wp\/v2\/media\/14927"}],"wp:attachment":[{"href":"https:\/\/dgospel.com.br\/portal\/index.php\/wp-json\/wp\/v2\/media?parent=14926"}],"wp:term":[{"taxonomy":"category","embeddable":true,"href":"https:\/\/dgospel.com.br\/portal\/index.php\/wp-json\/wp\/v2\/categories?post=14926"},{"taxonomy":"post_tag","embeddable":true,"href":"https:\/\/dgospel.com.br\/portal\/index.php\/wp-json\/wp\/v2\/tags?post=14926"}],"curies":[{"name":"wp","href":"https:\/\/api.w.org\/{rel}","templated":true}]}}