{"id":14929,"date":"2023-03-02T11:59:25","date_gmt":"2023-03-02T14:59:25","guid":{"rendered":"http:\/\/dgospel.com.br\/portal\/?p=14929"},"modified":"2023-03-02T11:59:27","modified_gmt":"2023-03-02T14:59:27","slug":"lula-retira-abin-de-militares-no-gsi-e-passa-para-a-casa-civil","status":"publish","type":"post","link":"https:\/\/dgospel.com.br\/portal\/index.php\/2023\/03\/02\/lula-retira-abin-de-militares-no-gsi-e-passa-para-a-casa-civil\/","title":{"rendered":"Lula retira Abin de militares no GSI e passa para a Casa Civil"},"content":{"rendered":"\n<p>O presidente&nbsp;<a href=\"http:\/\/pleno.news\/tag\/lula\" target=\"_blank\" rel=\"noreferrer noopener\">Luiz In\u00e1cio Lula da Silva<\/a>&nbsp;transferiu a Ag\u00eancia Brasileira de Intelig\u00eancia (Abin) para a Casa Civil. O \u00f3rg\u00e3o central do Sistema Brasileiro de Intelig\u00eancia estava anteriormente sob comando do Gabinete de Seguran\u00e7a Institucional (GSI), \u00fanico minist\u00e9rio comandado por um militar na Esplanada, o general Gon\u00e7alves Dias.<\/p>\n\n\n\n<p>A transfer\u00eancia foi oficializada, nesta quinta-feira (2), no Di\u00e1rio Oficial da Uni\u00e3o (DOU). O texto foi assinado por Lula e pelos ministros Esther Dweck (Gest\u00e3o e Inova\u00e7\u00e3o) e Rui Costa (Casa Civil). A Abin estava vinculada \u00e0 estrutura do GSI desde o governo Michel Temer (MDB).<\/p>\n\n\n\n<p>A institui\u00e7\u00e3o de seguran\u00e7a passou a ser o departamento mais questionado no primeiro escal\u00e3o do governo, especialmente ap\u00f3s a invas\u00e3o de pr\u00e9dios p\u00fablicos nos atos do dia 8 de janeiro. \u00c0 \u00e9poca, Lula tamb\u00e9m declarou ter perdido a confian\u00e7a nos militares.<\/p>\n\n\n\n<p>\u2013 Eu perdi a confian\u00e7a, simplesmente. Na hora que eu recuperar a confian\u00e7a, eu volto \u00e0 normalidade \u2013 disse.<\/p>\n\n\n\n<p>O presidente estava convencido de que uma ala da Abin trabalhava para \u201cproteger\u201d o ex-presidente Bolsonaro e conspirar contra ele. Por causa desse fato, iniciou-se no governo o processo de desmilitariza\u00e7\u00e3o. A primeira etapa foi retirar dos postos militares da cadeia superior e os oficiais de intelig\u00eancia. Em uma mesma semana, mais de 155 militares foram exonerados.<\/p>\n\n\n\n<p>Mensagens divulgadas pelos organizadores do movimento do dia 8 de janeiro mostraram que a Abin estava ac\u00e9fala na semana em que os atos aconteceram. A ag\u00eancia estava sem diretor-geral e sem os novos diretores de \u00e1reas importantes, como contraintelig\u00eancia.<\/p>\n\n\n\n<p>*AE<\/p>\n","protected":false},"excerpt":{"rendered":"<p>O presidente&nbsp;Luiz In\u00e1cio Lula da Silva&nbsp;transferiu a Ag\u00eancia Brasileira de Intelig\u00eancia (Abin) para a Casa Civil. O \u00f3rg\u00e3o central do Sistema Brasileiro de Intelig\u00eancia estava anteriormente sob comando do Gabinete de Seguran\u00e7a Institucional (GSI), \u00fanico minist\u00e9rio comandado por um militar na Esplanada, o general Gon\u00e7alves Dias. A transfer\u00eancia foi oficializada, nesta quinta-feira (2), no Di\u00e1rio [&hellip;]<\/p>\n","protected":false},"author":2,"featured_media":14930,"comment_status":"open","ping_status":"open","sticky":false,"template":"","format":"standard","meta":[],"categories":[4],"tags":[],"_links":{"self":[{"href":"https:\/\/dgospel.com.br\/portal\/index.php\/wp-json\/wp\/v2\/posts\/14929"}],"collection":[{"href":"https:\/\/dgospel.com.br\/portal\/index.php\/wp-json\/wp\/v2\/posts"}],"about":[{"href":"https:\/\/dgospel.com.br\/portal\/index.php\/wp-json\/wp\/v2\/types\/post"}],"author":[{"embeddable":true,"href":"https:\/\/dgospel.com.br\/portal\/index.php\/wp-json\/wp\/v2\/users\/2"}],"replies":[{"embeddable":true,"href":"https:\/\/dgospel.com.br\/portal\/index.php\/wp-json\/wp\/v2\/comments?post=14929"}],"version-history":[{"count":1,"href":"https:\/\/dgospel.com.br\/portal\/index.php\/wp-json\/wp\/v2\/posts\/14929\/revisions"}],"predecessor-version":[{"id":14931,"href":"https:\/\/dgospel.com.br\/portal\/index.php\/wp-json\/wp\/v2\/posts\/14929\/revisions\/14931"}],"wp:featuredmedia":[{"embeddable":true,"href":"https:\/\/dgospel.com.br\/portal\/index.php\/wp-json\/wp\/v2\/media\/14930"}],"wp:attachment":[{"href":"https:\/\/dgospel.com.br\/portal\/index.php\/wp-json\/wp\/v2\/media?parent=14929"}],"wp:term":[{"taxonomy":"category","embeddable":true,"href":"https:\/\/dgospel.com.br\/portal\/index.php\/wp-json\/wp\/v2\/categories?post=14929"},{"taxonomy":"post_tag","embeddable":true,"href":"https:\/\/dgospel.com.br\/portal\/index.php\/wp-json\/wp\/v2\/tags?post=14929"}],"curies":[{"name":"wp","href":"https:\/\/api.w.org\/{rel}","templated":true}]}}