{"id":14932,"date":"2023-03-02T12:11:36","date_gmt":"2023-03-02T15:11:36","guid":{"rendered":"http:\/\/dgospel.com.br\/portal\/?p=14932"},"modified":"2023-03-02T12:11:37","modified_gmt":"2023-03-02T15:11:37","slug":"ibovespa-encerra-o-mes-com-o-pior-fevereiro-em-22-anos","status":"publish","type":"post","link":"https:\/\/dgospel.com.br\/portal\/index.php\/2023\/03\/02\/ibovespa-encerra-o-mes-com-o-pior-fevereiro-em-22-anos\/","title":{"rendered":"Ibovespa encerra o m\u00eas com o pior fevereiro em 22 anos"},"content":{"rendered":"\n<p>O Ibovespa encerrou fevereiro com a marca de menor n\u00edvel no m\u00eas em 22 anos, al\u00e9m de ter sido o pior desempenho desde junho do ano passado. A perda do principal \u00edndice da Bolsa de Valores de S\u00e3o Paulo (B3) foi de 7,49%.<\/p>\n\n\n\n<p>Nesta ter\u00e7a-feira (28), at\u00e9 as aguardadas explica\u00e7\u00f5es do ministro da Fazenda, Fernando Haddad, sobre a reonera\u00e7\u00e3o dos combust\u00edveis \u2013 que se fizeram acompanhar de mais press\u00e3o sobre o BC e o n\u00edvel da Selic, na coletiva deste fim de tarde, e tamb\u00e9m na Petrobras, da qual se exigiu \u201cmais transpar\u00eancia\u201d -, o Ibovespa mostrava leves perdas, at\u00e9 0,47%, quase no encerramento do dia.<\/p>\n\n\n\n<p>Ao fim, a refer\u00eancia da B3 sinalizava piso da sess\u00e3o no fechamento, em baixa de 0,74%, aos 104.931,93 pontos, saindo de m\u00e1xima, mais cedo, aos 106.793,71 e de abertura aos 105.705,79 pontos. O giro, que se mantinha bem moderado como nas \u00faltimas sess\u00f5es, fortaleceu-se no fechamento, aos R$ 29,9 bilh\u00f5es.<\/p>\n\n\n\n<p>O an\u00fancio de redu\u00e7\u00e3o, a partir desta quarta (1\u00ba), nos pre\u00e7os da gasolina e do diesel j\u00e1 afetava o humor dos investidores, antes de Haddad. Mais cedo, por outro lado, as a\u00e7\u00f5es de Petrobras reagiam positivamente \u00e0 divulga\u00e7\u00e3o de indica\u00e7\u00f5es de candidatos a membros do conselho de administra\u00e7\u00e3o da empresa, parte dos quais com perfil t\u00e9cnico, o que agradou ao mercado.<\/p>\n\n\n\n<p>De forma geral, as a\u00e7\u00f5es que subiam limitaram ganhos durante a coletiva de Haddad e as que ca\u00edam, amplificaram perdas, definindo o fechamento do Ibovespa na m\u00ednima do dia.<\/p>\n\n\n\n<p>*Com informa\u00e7\u00f5es da AE<\/p>\n","protected":false},"excerpt":{"rendered":"<p>O Ibovespa encerrou fevereiro com a marca de menor n\u00edvel no m\u00eas em 22 anos, al\u00e9m de ter sido o pior desempenho desde junho do ano passado. A perda do principal \u00edndice da Bolsa de Valores de S\u00e3o Paulo (B3) foi de 7,49%. Nesta ter\u00e7a-feira (28), at\u00e9 as aguardadas explica\u00e7\u00f5es do ministro da Fazenda, Fernando [&hellip;]<\/p>\n","protected":false},"author":2,"featured_media":14933,"comment_status":"open","ping_status":"open","sticky":false,"template":"","format":"standard","meta":[],"categories":[10],"tags":[],"_links":{"self":[{"href":"https:\/\/dgospel.com.br\/portal\/index.php\/wp-json\/wp\/v2\/posts\/14932"}],"collection":[{"href":"https:\/\/dgospel.com.br\/portal\/index.php\/wp-json\/wp\/v2\/posts"}],"about":[{"href":"https:\/\/dgospel.com.br\/portal\/index.php\/wp-json\/wp\/v2\/types\/post"}],"author":[{"embeddable":true,"href":"https:\/\/dgospel.com.br\/portal\/index.php\/wp-json\/wp\/v2\/users\/2"}],"replies":[{"embeddable":true,"href":"https:\/\/dgospel.com.br\/portal\/index.php\/wp-json\/wp\/v2\/comments?post=14932"}],"version-history":[{"count":1,"href":"https:\/\/dgospel.com.br\/portal\/index.php\/wp-json\/wp\/v2\/posts\/14932\/revisions"}],"predecessor-version":[{"id":14934,"href":"https:\/\/dgospel.com.br\/portal\/index.php\/wp-json\/wp\/v2\/posts\/14932\/revisions\/14934"}],"wp:featuredmedia":[{"embeddable":true,"href":"https:\/\/dgospel.com.br\/portal\/index.php\/wp-json\/wp\/v2\/media\/14933"}],"wp:attachment":[{"href":"https:\/\/dgospel.com.br\/portal\/index.php\/wp-json\/wp\/v2\/media?parent=14932"}],"wp:term":[{"taxonomy":"category","embeddable":true,"href":"https:\/\/dgospel.com.br\/portal\/index.php\/wp-json\/wp\/v2\/categories?post=14932"},{"taxonomy":"post_tag","embeddable":true,"href":"https:\/\/dgospel.com.br\/portal\/index.php\/wp-json\/wp\/v2\/tags?post=14932"}],"curies":[{"name":"wp","href":"https:\/\/api.w.org\/{rel}","templated":true}]}}