{"id":14957,"date":"2023-03-06T09:39:36","date_gmt":"2023-03-06T12:39:36","guid":{"rendered":"http:\/\/dgospel.com.br\/portal\/?p=14957"},"modified":"2023-03-06T11:17:06","modified_gmt":"2023-03-06T14:17:06","slug":"vereador-rubens-uchoa-afirma-que-povo-nao-esta-feliz-com-o-transporte-publico-da-capital","status":"publish","type":"post","link":"https:\/\/dgospel.com.br\/portal\/index.php\/2023\/03\/06\/vereador-rubens-uchoa-afirma-que-povo-nao-esta-feliz-com-o-transporte-publico-da-capital\/","title":{"rendered":"Vereador Rubens Uch\u00f4a afirma que o povo n\u00e3o est\u00e1 feliz com o transporte p\u00fablico da capital"},"content":{"rendered":"\n<p>Durante sess\u00e3o ordin\u00e1ria da C\u00e2mara de Palmas, nesta quinta-feira, 02, o vereador Rubens Uch\u00f4a afirmou que <em>o povo n\u00e3o est\u00e1 feliz com o transporte p\u00fablico da capital.<\/em><\/p>\n\n\n\n<p>O parlamentar criticou quanto a morosidade da resolu\u00e7\u00e3o do problema, pois j\u00e1 se passaram 2 (dois) meses e ainda n\u00e3o foi resolvido.<\/p>\n\n\n\n<p>Rubens Uch\u00f4a ainda afirmou que a Prefeitura n\u00e3o estava preparada para a assumir toda opera\u00e7\u00e3o do transporte p\u00fablico urbano da capital.<\/p>\n\n\n\n<p><em>\u201d Por falta de planejamento, a gest\u00e3o n\u00e3o estava preparada para esta responsabilidade, e o meu trabalho sempre ser\u00e1 em prol do povo palmease!\u201d afirma o vereador.<\/em><\/p>\n\n\n\n<p><strong><em>Entenda o caso<\/em><\/strong><\/p>\n\n\n\n<p>A Prefeitura de Palmas assumiu, desde 1\u00ba de dezembro, a opera\u00e7\u00e3o do transporte p\u00fablico urbano e tornou-se a operadora de todo o sistema e sua infraestrutura, tais como frota de \u00f4nibus, terminais, esta\u00e7\u00f5es e pontos de embarque e desembarque, equipamentos e instrumentos de controle da bilhetagem, dentre outros. Por meio da Medida Provis\u00f3ria n\u00ba 5\/2022, publicada no Di\u00e1rio Oficial do Munic\u00edpio (DOM), criou a Ag\u00eancia de Transporte Coletivo de Palmas (ATCP), autarquia de direito p\u00fablico, com autonomia administrativa, financeira e patrimonial, vinculada \u00e0 Secretaria Municipal de Seguran\u00e7a e Mobilidade Urbana (Sesmu).<strong><em><\/em><\/strong><\/p>\n","protected":false},"excerpt":{"rendered":"<p>Durante sess\u00e3o ordin\u00e1ria da C\u00e2mara de Palmas, nesta quinta-feira, 02, o vereador Rubens Uch\u00f4a afirmou que o povo n\u00e3o est\u00e1 feliz com o transporte p\u00fablico da capital. O parlamentar criticou quanto a morosidade da resolu\u00e7\u00e3o do problema, pois j\u00e1 se passaram 2 (dois) meses e ainda n\u00e3o foi resolvido. Rubens Uch\u00f4a ainda afirmou que a [&hellip;]<\/p>\n","protected":false},"author":2,"featured_media":14958,"comment_status":"open","ping_status":"open","sticky":false,"template":"","format":"standard","meta":[],"categories":[8],"tags":[],"_links":{"self":[{"href":"https:\/\/dgospel.com.br\/portal\/index.php\/wp-json\/wp\/v2\/posts\/14957"}],"collection":[{"href":"https:\/\/dgospel.com.br\/portal\/index.php\/wp-json\/wp\/v2\/posts"}],"about":[{"href":"https:\/\/dgospel.com.br\/portal\/index.php\/wp-json\/wp\/v2\/types\/post"}],"author":[{"embeddable":true,"href":"https:\/\/dgospel.com.br\/portal\/index.php\/wp-json\/wp\/v2\/users\/2"}],"replies":[{"embeddable":true,"href":"https:\/\/dgospel.com.br\/portal\/index.php\/wp-json\/wp\/v2\/comments?post=14957"}],"version-history":[{"count":2,"href":"https:\/\/dgospel.com.br\/portal\/index.php\/wp-json\/wp\/v2\/posts\/14957\/revisions"}],"predecessor-version":[{"id":14982,"href":"https:\/\/dgospel.com.br\/portal\/index.php\/wp-json\/wp\/v2\/posts\/14957\/revisions\/14982"}],"wp:featuredmedia":[{"embeddable":true,"href":"https:\/\/dgospel.com.br\/portal\/index.php\/wp-json\/wp\/v2\/media\/14958"}],"wp:attachment":[{"href":"https:\/\/dgospel.com.br\/portal\/index.php\/wp-json\/wp\/v2\/media?parent=14957"}],"wp:term":[{"taxonomy":"category","embeddable":true,"href":"https:\/\/dgospel.com.br\/portal\/index.php\/wp-json\/wp\/v2\/categories?post=14957"},{"taxonomy":"post_tag","embeddable":true,"href":"https:\/\/dgospel.com.br\/portal\/index.php\/wp-json\/wp\/v2\/tags?post=14957"}],"curies":[{"name":"wp","href":"https:\/\/api.w.org\/{rel}","templated":true}]}}