{"id":14960,"date":"2023-03-06T09:59:48","date_gmt":"2023-03-06T12:59:48","guid":{"rendered":"http:\/\/dgospel.com.br\/portal\/?p=14960"},"modified":"2023-03-06T09:59:49","modified_gmt":"2023-03-06T12:59:49","slug":"projeto-de-lei-quer-instituir-o-dia-nacional-da-musica-gospel","status":"publish","type":"post","link":"https:\/\/dgospel.com.br\/portal\/index.php\/2023\/03\/06\/projeto-de-lei-quer-instituir-o-dia-nacional-da-musica-gospel\/","title":{"rendered":"Projeto de lei quer instituir o Dia Nacional da M\u00fasica Gospel"},"content":{"rendered":"\n<p>Um projeto de lei apresentado na C\u00e2mara dos Deputados quer instituir o Dia Nacional da M\u00fasica Gospel a ser comemorado todos os anos no dia 9 de junho.<\/p>\n\n\n\n<p>O PL 648\/2023 \u00e9 de autoria do deputado federal Raimundo Santos (PSD-PA), m\u00fasico evang\u00e9lico que chegou a gravar alguns \u00e1lbuns, sendo o mais recente deles o EP Reino de Milagres.<\/p>\n\n\n\n<p>O parlamentar \u00e9 ligado \u00e0 Igreja Assembleia de Deus do Par\u00e1, sendo o filho ca\u00e7ula do pastor Joaquim Pereira dos Santos, um dos pioneiros da denomina\u00e7\u00e3o no estado.<\/p>\n\n\n\n<p>Na justificativa do projeto de lei, Santos destaca a relev\u00e2ncia da m\u00fasica gospel no pa\u00eds por sua import\u00e2ncia em disseminar a f\u00e9 evang\u00e9lica e tocar a sensibilidade das pessoas, at\u00e9 mesmo daquelas que professam outras religi\u00f5es.<\/p>\n\n\n\n<p>\u2013 Em poucos anos, a m\u00fasica gospel passou a fazer parte da cultura, da espiritualidade e do mercado fonogr\u00e1fico nacionais, afetando positivamente a vida dos brasileiros \u2013 diz o autor do projeto.<\/p>\n\n\n\n<p>O pol\u00edtico diz ainda que a \u201cfixa\u00e7\u00e3o de uma data nacionalmente dedicada \u00e0 m\u00fasica gospel, al\u00e9m de valorizar a cultura e a religiosidade de milh\u00f5es de brasileiros, chamar\u00e1 a aten\u00e7\u00e3o para esse importante vetor de conforto mental\/psicol\u00f3gico e espiritual, contribuindo para que venha a ser mais conhecido e enaltecido no Brasil\u201d.<\/p>\n","protected":false},"excerpt":{"rendered":"<p>Um projeto de lei apresentado na C\u00e2mara dos Deputados quer instituir o Dia Nacional da M\u00fasica Gospel a ser comemorado todos os anos no dia 9 de junho. O PL 648\/2023 \u00e9 de autoria do deputado federal Raimundo Santos (PSD-PA), m\u00fasico evang\u00e9lico que chegou a gravar alguns \u00e1lbuns, sendo o mais recente deles o EP [&hellip;]<\/p>\n","protected":false},"author":2,"featured_media":14961,"comment_status":"open","ping_status":"open","sticky":false,"template":"","format":"standard","meta":[],"categories":[5],"tags":[],"_links":{"self":[{"href":"https:\/\/dgospel.com.br\/portal\/index.php\/wp-json\/wp\/v2\/posts\/14960"}],"collection":[{"href":"https:\/\/dgospel.com.br\/portal\/index.php\/wp-json\/wp\/v2\/posts"}],"about":[{"href":"https:\/\/dgospel.com.br\/portal\/index.php\/wp-json\/wp\/v2\/types\/post"}],"author":[{"embeddable":true,"href":"https:\/\/dgospel.com.br\/portal\/index.php\/wp-json\/wp\/v2\/users\/2"}],"replies":[{"embeddable":true,"href":"https:\/\/dgospel.com.br\/portal\/index.php\/wp-json\/wp\/v2\/comments?post=14960"}],"version-history":[{"count":1,"href":"https:\/\/dgospel.com.br\/portal\/index.php\/wp-json\/wp\/v2\/posts\/14960\/revisions"}],"predecessor-version":[{"id":14962,"href":"https:\/\/dgospel.com.br\/portal\/index.php\/wp-json\/wp\/v2\/posts\/14960\/revisions\/14962"}],"wp:featuredmedia":[{"embeddable":true,"href":"https:\/\/dgospel.com.br\/portal\/index.php\/wp-json\/wp\/v2\/media\/14961"}],"wp:attachment":[{"href":"https:\/\/dgospel.com.br\/portal\/index.php\/wp-json\/wp\/v2\/media?parent=14960"}],"wp:term":[{"taxonomy":"category","embeddable":true,"href":"https:\/\/dgospel.com.br\/portal\/index.php\/wp-json\/wp\/v2\/categories?post=14960"},{"taxonomy":"post_tag","embeddable":true,"href":"https:\/\/dgospel.com.br\/portal\/index.php\/wp-json\/wp\/v2\/tags?post=14960"}],"curies":[{"name":"wp","href":"https:\/\/api.w.org\/{rel}","templated":true}]}}