{"id":14966,"date":"2023-03-06T10:24:16","date_gmt":"2023-03-06T13:24:16","guid":{"rendered":"http:\/\/dgospel.com.br\/portal\/?p=14966"},"modified":"2023-03-06T10:24:17","modified_gmt":"2023-03-06T13:24:17","slug":"numero-de-invasoes-do-mst-este-ano-e-maior-que-nos-ultimos-4","status":"publish","type":"post","link":"https:\/\/dgospel.com.br\/portal\/index.php\/2023\/03\/06\/numero-de-invasoes-do-mst-este-ano-e-maior-que-nos-ultimos-4\/","title":{"rendered":"N\u00famero de invas\u00f5es do MST este ano \u00e9 maior que nos \u00faltimos 4"},"content":{"rendered":"\n<p>Nesta semana, pelo menos cinco a\u00e7\u00f5es do Movimento dos Trabalhadores Rurais Sem Terra (MST) foram registradas apenas no estado da Bahia. Com apoio do governo Lula, os movimentos sociais voltaram a invadir terras, incluindo terras produtivas.<\/p>\n\n\n\n<p>O senador Magno Malta divulgou em seu Instagram uma imagem comparando a quantidade de invas\u00f5es de terra registradas entre 1995 e 2021. Os dois mandatos de Fernando Henrique Cardoso (PSDB) registraram 2.442 invas\u00f5es. Nos mandatos de Lula (PT), foram 1.968; nos governos de Dilma (PT), foram 969 a\u00e7\u00f5es do MST. J\u00e1 nos dois anos de Michel Temer, o n\u00famero caiu para 54 a\u00e7\u00f5es e nos tr\u00eas anos do governo de Jair Bolsonaro foram registrados apenas 14 casos de invas\u00f5es de terras.<\/p>\n\n\n\n<p>\u2013 Nos \u00faltimos quatro anos, as For\u00e7as de Seguran\u00e7a foram empoderadas, dando um recado ao narcotr\u00e1fico. Foram recordes em apreens\u00f5es de drogas e bens do tr\u00e1fico. O acesso \u00e0 arma de fogo para cidad\u00e3os dentro da lei foi ampliado de maneira respons\u00e1vel. O MST n\u00e3o invadia mais \u2013 escreveu o senador comentando os dados da Ouvidoria Agr\u00e1ria Nacional.<\/p>\n\n\n\n<figure class=\"wp-block-image\"><img src=\"https:\/\/static.cdn.pleno.news\/2023\/03\/WhatsApp-Image-2023-03-03-at-22.37.26.jpeg\" alt=\"\" class=\"wp-image-1099359\"\/><\/figure>\n\n\n\n<p><strong>FRENTE PARLAMENTAR DA AGROPECU\u00c1RIA COBRA A\u00c7\u00c3O DO GOVERNO<\/strong><br>Para os parlamentares da Frente Parlamentar Agropecu\u00e1ria (FPA), o atual governo tem hist\u00f3rico de coniv\u00eancia com a impunidade e isso oferece seguran\u00e7a para que os grupos invadam terras.<\/p>\n\n\n\n<p>\u2013 As invas\u00f5es ocorridas nos primeiros meses deste ano em diversas regi\u00f5es s\u00e3o o resultado da coniv\u00eancia hist\u00f3rica com a impunidade. \u00c9 o caminhar, lado a lado, por parte de alguns, com a deprecia\u00e7\u00e3o da ordem e da lei \u2013 diz a nota.<\/p>\n\n\n\n<p>A equipe do governo Lula n\u00e3o criticou publicamente as \u00faltimas invas\u00f5es do movimento no sul da Bahia. No dia 27 de fevereiro tr\u00eas fazendas da Suzano Celulose foram invadidas nos munic\u00edpios de Mucuri, Teixeira de Freitas e Caravelas.<\/p>\n\n\n\n<p>A empresa divulgou que as propriedades foram danificadas pelos membros do movimento. O grupo exige que a Suzano entregue terras para assentar 600 fam\u00edlias.<\/p>\n","protected":false},"excerpt":{"rendered":"<p>Nesta semana, pelo menos cinco a\u00e7\u00f5es do Movimento dos Trabalhadores Rurais Sem Terra (MST) foram registradas apenas no estado da Bahia. Com apoio do governo Lula, os movimentos sociais voltaram a invadir terras, incluindo terras produtivas. O senador Magno Malta divulgou em seu Instagram uma imagem comparando a quantidade de invas\u00f5es de terra registradas entre [&hellip;]<\/p>\n","protected":false},"author":2,"featured_media":14967,"comment_status":"open","ping_status":"open","sticky":false,"template":"","format":"standard","meta":[],"categories":[10],"tags":[],"_links":{"self":[{"href":"https:\/\/dgospel.com.br\/portal\/index.php\/wp-json\/wp\/v2\/posts\/14966"}],"collection":[{"href":"https:\/\/dgospel.com.br\/portal\/index.php\/wp-json\/wp\/v2\/posts"}],"about":[{"href":"https:\/\/dgospel.com.br\/portal\/index.php\/wp-json\/wp\/v2\/types\/post"}],"author":[{"embeddable":true,"href":"https:\/\/dgospel.com.br\/portal\/index.php\/wp-json\/wp\/v2\/users\/2"}],"replies":[{"embeddable":true,"href":"https:\/\/dgospel.com.br\/portal\/index.php\/wp-json\/wp\/v2\/comments?post=14966"}],"version-history":[{"count":1,"href":"https:\/\/dgospel.com.br\/portal\/index.php\/wp-json\/wp\/v2\/posts\/14966\/revisions"}],"predecessor-version":[{"id":14968,"href":"https:\/\/dgospel.com.br\/portal\/index.php\/wp-json\/wp\/v2\/posts\/14966\/revisions\/14968"}],"wp:featuredmedia":[{"embeddable":true,"href":"https:\/\/dgospel.com.br\/portal\/index.php\/wp-json\/wp\/v2\/media\/14967"}],"wp:attachment":[{"href":"https:\/\/dgospel.com.br\/portal\/index.php\/wp-json\/wp\/v2\/media?parent=14966"}],"wp:term":[{"taxonomy":"category","embeddable":true,"href":"https:\/\/dgospel.com.br\/portal\/index.php\/wp-json\/wp\/v2\/categories?post=14966"},{"taxonomy":"post_tag","embeddable":true,"href":"https:\/\/dgospel.com.br\/portal\/index.php\/wp-json\/wp\/v2\/tags?post=14966"}],"curies":[{"name":"wp","href":"https:\/\/api.w.org\/{rel}","templated":true}]}}