{"id":14969,"date":"2023-03-06T10:34:08","date_gmt":"2023-03-06T13:34:08","guid":{"rendered":"http:\/\/dgospel.com.br\/portal\/?p=14969"},"modified":"2023-03-06T10:34:09","modified_gmt":"2023-03-06T13:34:09","slug":"michelle-bolsonaro-ironiza-noticia-sobre-joias-estou-rindo-da-falta-de-cabimento-dessa-imprensa-vexatoria","status":"publish","type":"post","link":"https:\/\/dgospel.com.br\/portal\/index.php\/2023\/03\/06\/michelle-bolsonaro-ironiza-noticia-sobre-joias-estou-rindo-da-falta-de-cabimento-dessa-imprensa-vexatoria\/","title":{"rendered":"Michelle Bolsonaro ironiza not\u00edcia sobre joias: \u201cEstou rindo da falta de cabimento dessa imprensa vexat\u00f3ria\u201d"},"content":{"rendered":"\n<p>A ex-primeira-dama&nbsp;<a href=\"https:\/\/pleno.news\/tag\/michelle-bolsonaro\" target=\"_blank\" rel=\"noreferrer noopener\">Michelle Bolsonaro<\/a>&nbsp;ironizou, em sua p\u00e1gina no Instagram, a not\u00edcia publicada pelo jornal O Estado de S\u00e3o Paulo que acusou o governo do ex-presidente&nbsp;<a href=\"https:\/\/pleno.news\/tag\/jair-bolsonaro\" target=\"_blank\" rel=\"noreferrer noopener\">Jair Bolsonaro<\/a>&nbsp;de tentar trazer ilegalmente, da Ar\u00e1bia Saudita, joias avaliadas em R$ 16,5 milh\u00f5es. O ve\u00edculo afirmou que os itens seriam um presente para Michelle.<\/p>\n\n\n\n<p>\u2013 Quer dizer que, \u201ceu tenho tudo isso\u201d e n\u00e3o estava sabendo? Meu Deus! Voc\u00eas v\u00e3o longe mesmo hein?! Estou rindo da falta de cabimento dessa imprensa vexat\u00f3ria \u2013 publicou Michelle nos stories de seu perfil.<\/p>\n\n\n\n<figure class=\"wp-block-image\"><img src=\"https:\/\/static.cdn.pleno.news\/2023\/03\/Michelle-Bolsonaro-ironizou-reportagem-sobre-joias-da-Ar%C3%A1bia.jpg\" alt=\"\" class=\"wp-image-1099375\"\/><\/figure>\n\n\n\n<p>Michelle Bolsonaro ironizou reportagem sobre joias da Ar\u00e1bia\u00a0Foto: Reprodu\u00e7\u00e3o\/Instagram<\/p>\n\n\n\n<p>Segundo o Estad\u00e3o, as joias seriam um presente do regime saudita para Bolsonaro e para Michelle, e foram apreendidas no Aeroporto de Guarulhos. Os itens estavam na mochila de um militar, assessor do ent\u00e3o ministro de Minas e Energia, Bento Albuquerque, que viajara ao Oriente M\u00e9dio em outubro de 2021.<\/p>\n\n\n\n<p>Bento Albuquerque sustentou, por\u00e9m, que n\u00e3o tinha ideia do conte\u00fado dos \u201cdois pacotes\u201d que sua comitiva recebeu quando deixava o pa\u00eds \u00e1rabe com destino ao aeroporto de Guarulhos, em S\u00e3o Paulo.<\/p>\n\n\n\n<p>\u2013 Isso era um presente. Como era uma joia, a joia n\u00e3o era para o presidente Bolsonaro, n\u00e9\u2026 deveria ser para a primeira-dama Michelle Bolsonaro. E o rel\u00f3gio e essas coisas, que n\u00f3s vimos depois, deveria ser para o presidente, como dois embrulhos \u2013 disse Albuquerque.<\/p>\n\n\n\n<p><strong>WAJNGARTEN ESCLARECE SITUA\u00c7\u00c3O<br><\/strong>O ex-secret\u00e1rio de Comunica\u00e7\u00e3o Social do governo federal,&nbsp;<a href=\"https:\/\/pleno.news\/tag\/fabio-wajngarten\" target=\"_blank\" rel=\"noreferrer noopener\">Fabio Wajngarten<\/a>, esclareceu, por meio do Twitter, a not\u00edcia publicada pelo Estad\u00e3o de que a gest\u00e3o do ex-presidente&nbsp;<a href=\"https:\/\/pleno.news\/tag\/jair-bolsonaro\" target=\"_blank\" rel=\"noreferrer noopener\">Jair Bolsonaro<\/a>&nbsp;(PL) teria tentado trazer joias da Ar\u00e1bia Saudita ao Brasil sem pagar impostos. De acordo com Wajngarten, a hist\u00f3ria \u00e9 uma \u201cnarrativa fantasiosa\u201d.<\/p>\n\n\n\n<p>Na rede social, o ex-secret\u00e1rio publicou a foto de um of\u00edcio de Marcelo da Silva Vieira, ex-chefe do Gabinete Adjunto de Documenta\u00e7\u00e3o Hist\u00f3rica (GADH), endere\u00e7ado ao Minist\u00e9rio de Minas e Energia. No documento, Vieira diz que os presentes recebidos na Ar\u00e1bia deveriam ser encaminhados ao GADH para an\u00e1lise sobre a incorpora\u00e7\u00e3o ao acervo p\u00fablico da Presid\u00eancia ou privado do presidente da Rep\u00fablica.<\/p>\n\n\n\n<figure class=\"wp-block-image\"><img src=\"https:\/\/static.cdn.pleno.news\/2023\/03\/Of%C3%ADcio-sobre-a-destina%C3%A7%C3%A3o-das-joias-para-acervo.png\" alt=\"\" class=\"wp-image-1099367\"\/><figcaption>Of\u00edcio sobre a destina\u00e7\u00e3o das joias para acervo&nbsp;Foto: Reprodu\u00e7\u00e3o\/Twitter Fabio Wajngarten<\/figcaption><\/figure>\n\n\n\n<p>As joias chegaram ao pa\u00eds no dia 26 de outubro de 2021, dentro de uma mochila de Marcos Andr\u00e9 dos Santos Soeiro, que acompanhava o ent\u00e3o ministro Bento Albuquerque, de Minas e Energia, na viagem de retorno ao Brasil. O material, por\u00e9m, ficou apreendido pela Receita Federal no Aeroporto Internacional de Guarulhos.<\/p>\n\n\n\n<p>O ex-chefe da Secom tamb\u00e9m compartilhou um of\u00edcio emitido pelo gabinete do ministro Bento Albuquerque, no dia 3 de novembro de 2021, e endere\u00e7ado ao gabinete do secret\u00e1rio Especial da Receita Federal. O assunto era justamente a libera\u00e7\u00e3o dos itens para que eles fossem encaminhados ao \u201cdestino legal adequado\u201d.<\/p>\n\n\n\n<figure class=\"wp-block-image\"><img src=\"https:\/\/static.cdn.pleno.news\/2023\/03\/Of%C3%ADcio-do-Minist%C3%A9rio-de-Minas-e-Energia-%C3%A0-Receita-Federal.png\" alt=\"\" class=\"wp-image-1099370\"\/><figcaption>Of\u00edcio do Minist\u00e9rio de Minas e Energia \u00e0 Receita Federal&nbsp;Foto: Reprodu\u00e7\u00e3o\/Twitter Fabio Wajngarten<\/figcaption><\/figure>\n\n\n\n<p>Em outra imagem publicada por Wajngarten em seu Twitter est\u00e1 a c\u00f3pia de uma mensagem enviada \u00e0 Ar\u00e1bia Saudita pelo ministro Bento Albuquerque, datada de 22 de novembro de 2021, em que o Brasil agradece pelo presente e comunica que as pe\u00e7as seriam incorporadas \u00e0 cole\u00e7\u00e3o oficial do Brasil, conforme a legisla\u00e7\u00e3o.<\/p>\n\n\n\n<figure class=\"wp-block-image\"><img src=\"https:\/\/static.cdn.pleno.news\/2023\/03\/Mensagem-do-ministro-Bento-Albuquerque-para-a-Ar%C3%A1bia-Saudita.png\" alt=\"\" class=\"wp-image-1099368\"\/><\/figure>\n\n\n\n<p>Al\u00e9m das postagens, o ex-secret\u00e1rio de Comunica\u00e7\u00e3o Social escreveu: \u201cNovamente outra \u2018narrativa fantasiosa de milh\u00f5es\u2019 ser\u00e1 amplamente desmascarada. A era dos cliques, a tentativa de destrui\u00e7\u00e3o da honra e bons costumes das pessoas n\u00e3o pode prosperar da forma como est\u00e1. Dessa vez n\u00e3o veio de blogs ou pessoas f\u00edsicas\u201d.<\/p>\n\n\n\n<p>*Com informa\u00e7\u00f5es AE<\/p>\n","protected":false},"excerpt":{"rendered":"<p>A ex-primeira-dama&nbsp;Michelle Bolsonaro&nbsp;ironizou, em sua p\u00e1gina no Instagram, a not\u00edcia publicada pelo jornal O Estado de S\u00e3o Paulo que acusou o governo do ex-presidente&nbsp;Jair Bolsonaro&nbsp;de tentar trazer ilegalmente, da Ar\u00e1bia Saudita, joias avaliadas em R$ 16,5 milh\u00f5es. O ve\u00edculo afirmou que os itens seriam um presente para Michelle. \u2013 Quer dizer que, \u201ceu tenho tudo [&hellip;]<\/p>\n","protected":false},"author":2,"featured_media":14970,"comment_status":"open","ping_status":"open","sticky":false,"template":"","format":"standard","meta":[],"categories":[4],"tags":[],"_links":{"self":[{"href":"https:\/\/dgospel.com.br\/portal\/index.php\/wp-json\/wp\/v2\/posts\/14969"}],"collection":[{"href":"https:\/\/dgospel.com.br\/portal\/index.php\/wp-json\/wp\/v2\/posts"}],"about":[{"href":"https:\/\/dgospel.com.br\/portal\/index.php\/wp-json\/wp\/v2\/types\/post"}],"author":[{"embeddable":true,"href":"https:\/\/dgospel.com.br\/portal\/index.php\/wp-json\/wp\/v2\/users\/2"}],"replies":[{"embeddable":true,"href":"https:\/\/dgospel.com.br\/portal\/index.php\/wp-json\/wp\/v2\/comments?post=14969"}],"version-history":[{"count":1,"href":"https:\/\/dgospel.com.br\/portal\/index.php\/wp-json\/wp\/v2\/posts\/14969\/revisions"}],"predecessor-version":[{"id":14971,"href":"https:\/\/dgospel.com.br\/portal\/index.php\/wp-json\/wp\/v2\/posts\/14969\/revisions\/14971"}],"wp:featuredmedia":[{"embeddable":true,"href":"https:\/\/dgospel.com.br\/portal\/index.php\/wp-json\/wp\/v2\/media\/14970"}],"wp:attachment":[{"href":"https:\/\/dgospel.com.br\/portal\/index.php\/wp-json\/wp\/v2\/media?parent=14969"}],"wp:term":[{"taxonomy":"category","embeddable":true,"href":"https:\/\/dgospel.com.br\/portal\/index.php\/wp-json\/wp\/v2\/categories?post=14969"},{"taxonomy":"post_tag","embeddable":true,"href":"https:\/\/dgospel.com.br\/portal\/index.php\/wp-json\/wp\/v2\/tags?post=14969"}],"curies":[{"name":"wp","href":"https:\/\/api.w.org\/{rel}","templated":true}]}}