{"id":1497,"date":"2018-10-03T10:40:43","date_gmt":"2018-10-03T13:40:43","guid":{"rendered":"http:\/\/dgospel.com.br\/portal\/?p=1497"},"modified":"2018-10-03T10:40:43","modified_gmt":"2018-10-03T13:40:43","slug":"esse-e-o-momento-de-separar-o-joio-do-trigo-diz-roberto-de-lucena","status":"publish","type":"post","link":"https:\/\/dgospel.com.br\/portal\/index.php\/2018\/10\/03\/esse-e-o-momento-de-separar-o-joio-do-trigo-diz-roberto-de-lucena\/","title":{"rendered":"\u201cEsse \u00e9 o momento de separar o joio do trigo\u201d, diz Roberto de Lucena"},"content":{"rendered":"<p>&nbsp;<\/p>\n<p><span style=\"font-size: 10.5pt; font-family: 'Helvetica','sans-serif'; color: #333333;\">A menos de uma semana das elei\u00e7\u00f5es, muitos eleitores ainda est\u00e3o indecisos quanto \u00e0 sua escolha para os cinco cargos disputados no dia 7 de outubro: presidente da Rep\u00fablica, governador, senador, deputado federal e deputado estadual.<\/span><\/p>\n<p style=\"font-variant-ligatures: normal; font-variant-caps: normal; orphans: 2; text-align: start; widows: 2; -webkit-text-stroke-width: 0px; text-decoration-style: initial; text-decoration-color: initial; word-spacing: 0px;\"><span style=\"font-size: 10.5pt; font-family: 'Helvetica','sans-serif'; color: #333333;\">Para avaliar qual o melhor candidato para cada fun\u00e7\u00e3o, o pastor e deputado federal\u00a0<\/span><span style=\"font-size: 10.5pt; font-family: 'Helvetica','sans-serif'; color: maroon;\"><a href=\"https:\/\/guiame.com.br\/colunistas\/roberto-de-lucena\/\"><strong><span style=\"font-family: 'Helvetica','sans-serif'; color: maroon; text-decoration: none; text-underline: none;\">Roberto de Lucena<\/span><\/strong><\/a><\/span><span style=\"font-size: 10.5pt; font-family: 'Helvetica','sans-serif'; color: #333333;\">(PODE\/SP) acredita que \u00e9 necess\u00e1rio avaliar itens que v\u00e3o al\u00e9m de suas propostas de governo.<\/span><\/p>\n<p style=\"font-variant-ligatures: normal; font-variant-caps: normal; orphans: 2; text-align: start; widows: 2; -webkit-text-stroke-width: 0px; text-decoration-style: initial; text-decoration-color: initial; word-spacing: 0px;\"><span style=\"font-size: 10.5pt; font-family: 'Helvetica','sans-serif'; color: #333333;\">\u201cN\u00f3s estamos vivendo o momento que temos o desafio de reconstru\u00e7\u00e3o e recupera\u00e7\u00e3o nacional, tanto econ\u00f4mica quanto social. Estamos no meio de uma crise que \u00e9 muito mais do que econ\u00f4mica e pol\u00edtica, \u00e9 uma crise \u00e9tica, moral e espiritual\u201d, disse Lucena ao\u00a0<strong><span style=\"font-family: 'Helvetica','sans-serif';\">Guiame<\/span><\/strong>\u00a0na\u00a0<\/span><span style=\"font-size: 10.5pt; font-family: 'Helvetica','sans-serif'; color: maroon;\"><a href=\"https:\/\/guiame.com.br\/gospel\/mundo-cristao\/pastores-oram-por-mudancas-no-brasil-na-abertura-da-expo-crista.html\"><strong><span style=\"font-family: 'Helvetica','sans-serif'; color: maroon; text-decoration: none; text-underline: none;\">Expo Crist\u00e3<\/span><\/strong><\/a><\/span><span style=\"font-size: 10.5pt; font-family: 'Helvetica','sans-serif'; color: #333333;\">.<\/span><\/p>\n<p style=\"font-variant-ligatures: normal; font-variant-caps: normal; orphans: 2; text-align: start; widows: 2; -webkit-text-stroke-width: 0px; text-decoration-style: initial; text-decoration-color: initial; word-spacing: 0px;\"><span style=\"font-size: 10.5pt; font-family: 'Helvetica','sans-serif'; color: #333333;\">\u201cNeste momento do voto, \u00e9 muito importante que se leve em considera\u00e7\u00e3o quem \u00e9 o candidato, qual seu passado e sua coer\u00eancia. N\u00e3o adianta ele estar pregando agora uma mensagem que seja diferente daquilo que ele trouxe ao longo de sua vida\u201d, destacou o deputado.<\/span><\/p>\n<p style=\"font-variant-ligatures: normal; font-variant-caps: normal; orphans: 2; text-align: start; widows: 2; -webkit-text-stroke-width: 0px; text-decoration-style: initial; text-decoration-color: initial; word-spacing: 0px;\"><span style=\"font-size: 10.5pt; font-family: 'Helvetica','sans-serif'; color: #333333;\">\u201c\u00c9 preciso que se leve em conta a honestidade, que seja ficha limpa, mas n\u00e3o apenas isso \u2014 que essa pessoa tamb\u00e9m n\u00e3o tenha sobre ela den\u00fancias e acusa\u00e7\u00f5es. Est\u00e1 cheio de candidatos precisando de foro privilegiado. Esse \u00e9 o momento em que n\u00f3s temos que separar o joio do trigo\u201d, acrescentou o parlamentar, que tamb\u00e9m est\u00e1 disputando as elei\u00e7\u00f5es.<\/span><\/p>\n<p style=\"font-variant-ligatures: normal; font-variant-caps: normal; orphans: 2; text-align: start; widows: 2; -webkit-text-stroke-width: 0px; text-decoration-style: initial; text-decoration-color: initial; word-spacing: 0px;\"><span style=\"font-size: 10.5pt; font-family: 'Helvetica','sans-serif'; color: #333333;\">Para Lucena, a honestidade, a experi\u00eancia, o passado e o compromisso com os valores de defesa da vida e da fam\u00edlia s\u00e3o essenciais para um mandato acontecer \u201cem favor do Brasil na perspectiva do Reino de Deus\u201d.<\/span><\/p>\n<p style=\"font-variant-ligatures: normal; font-variant-caps: normal; orphans: 2; text-align: start; widows: 2; -webkit-text-stroke-width: 0px; text-decoration-style: initial; text-decoration-color: initial; word-spacing: 0px;\"><span style=\"font-size: 10.5pt; font-family: 'Helvetica','sans-serif'; color: #333333;\">\u201cA igreja deve ser radical contra o pecado, contra a corrup\u00e7\u00e3o e contra a agenda que desconstr\u00f3i a fam\u00edlia, que avilta os valores e princ\u00edpios que n\u00f3s defendemos. A igreja deve, portanto, verificar, quem est\u00e1 desse lado e ficar longe disso, tomando muito cuidado para que a nossa posi\u00e7\u00e3o n\u00e3o seja odiosa, mas que seja realmente a posi\u00e7\u00e3o de quem sabe exercer o papel de ser luz e sal\u201d, concluiu o deputado.<\/span><\/p>\n<p><iframe loading=\"lazy\" title=\"Roberto de Lucena - O impacto de sua escolha nas elei\u00e7\u00f5es\" width=\"630\" height=\"354\" src=\"https:\/\/www.youtube.com\/embed\/3o8uX7loDfE?feature=oembed\" frameborder=\"0\" allow=\"accelerometer; autoplay; encrypted-media; gyroscope; picture-in-picture\" allowfullscreen><\/iframe><\/p>\n<p>FONTE: GUIAME, LUANA NOVAES<\/p>\n","protected":false},"excerpt":{"rendered":"<p>&nbsp; A menos de uma semana das elei\u00e7\u00f5es, muitos eleitores ainda est\u00e3o indecisos quanto \u00e0 sua escolha para os cinco cargos disputados no dia 7 de outubro: presidente da Rep\u00fablica, governador, senador, deputado federal e deputado estadual. Para avaliar qual o melhor candidato para cada fun\u00e7\u00e3o, o pastor e deputado federal\u00a0Roberto de Lucena(PODE\/SP) acredita que [&hellip;]<\/p>\n","protected":false},"author":2,"featured_media":1498,"comment_status":"open","ping_status":"open","sticky":false,"template":"","format":"standard","meta":[],"categories":[2,6,4],"tags":[],"_links":{"self":[{"href":"https:\/\/dgospel.com.br\/portal\/index.php\/wp-json\/wp\/v2\/posts\/1497"}],"collection":[{"href":"https:\/\/dgospel.com.br\/portal\/index.php\/wp-json\/wp\/v2\/posts"}],"about":[{"href":"https:\/\/dgospel.com.br\/portal\/index.php\/wp-json\/wp\/v2\/types\/post"}],"author":[{"embeddable":true,"href":"https:\/\/dgospel.com.br\/portal\/index.php\/wp-json\/wp\/v2\/users\/2"}],"replies":[{"embeddable":true,"href":"https:\/\/dgospel.com.br\/portal\/index.php\/wp-json\/wp\/v2\/comments?post=1497"}],"version-history":[{"count":1,"href":"https:\/\/dgospel.com.br\/portal\/index.php\/wp-json\/wp\/v2\/posts\/1497\/revisions"}],"predecessor-version":[{"id":1499,"href":"https:\/\/dgospel.com.br\/portal\/index.php\/wp-json\/wp\/v2\/posts\/1497\/revisions\/1499"}],"wp:featuredmedia":[{"embeddable":true,"href":"https:\/\/dgospel.com.br\/portal\/index.php\/wp-json\/wp\/v2\/media\/1498"}],"wp:attachment":[{"href":"https:\/\/dgospel.com.br\/portal\/index.php\/wp-json\/wp\/v2\/media?parent=1497"}],"wp:term":[{"taxonomy":"category","embeddable":true,"href":"https:\/\/dgospel.com.br\/portal\/index.php\/wp-json\/wp\/v2\/categories?post=1497"},{"taxonomy":"post_tag","embeddable":true,"href":"https:\/\/dgospel.com.br\/portal\/index.php\/wp-json\/wp\/v2\/tags?post=1497"}],"curies":[{"name":"wp","href":"https:\/\/api.w.org\/{rel}","templated":true}]}}