{"id":14972,"date":"2023-03-06T10:36:47","date_gmt":"2023-03-06T13:36:47","guid":{"rendered":"http:\/\/dgospel.com.br\/portal\/?p=14972"},"modified":"2023-03-06T10:36:48","modified_gmt":"2023-03-06T13:36:48","slug":"bolsonaro-afirma-que-esquerda-planejou-o-8-de-janeiro","status":"publish","type":"post","link":"https:\/\/dgospel.com.br\/portal\/index.php\/2023\/03\/06\/bolsonaro-afirma-que-esquerda-planejou-o-8-de-janeiro\/","title":{"rendered":"Bolsonaro afirma que esquerda planejou o 8 de janeiro"},"content":{"rendered":"\n<p>Em entrevista \u00e0 imprensa norte-americana, o ex-presidente Jair Bolsonaro (PL) atribuiu \u00e0 esquerda a responsabilidade pelos atos ocorridos no dia 8 de janeiro em Bras\u00edlia. De acordo com ele, as manifesta\u00e7\u00f5es dos conversadores s\u00e3o marcadas por serem sempre pac\u00edficas, e as depreda\u00e7\u00f5es \u00e0s sedes dos Tr\u00eas Poderes foram planejadas por seus opositores.<\/p>\n\n\n\n<p>\u2013 Todos os com\u00edcios de direita dos \u00faltimos quatro anos foram pac\u00edficos e n\u00e3o temos nada a ver com isso. Nosso povo nunca faria o que as pessoas fizeram no dia 8 de janeiro. Foram pessoas de esquerda que planejaram tudo isso \u2013 assinalou ele em entrevista \u00e0 NBC News no \u00faltimo s\u00e1bado (4).<\/p>\n\n\n\n<p>Na ocasi\u00e3o, Bolsonaro se encontrava na Confer\u00eancia de A\u00e7\u00e3o Pol\u00edtica Conservadora. Ele foi questionado pela m\u00eddia sobre estar sendo investigado pelo Supremo Tribunal Federal (STF) em apura\u00e7\u00e3o sobre a responsabilidade pelos atos.<\/p>\n\n\n\n<p>\u2013 Eu n\u00e3o era mais presidente e estava fora do Brasil \u2013 lembrou ele.<\/p>\n\n\n\n<p>O ex-presidente ainda revelou estar planejando retornar ao Brasil este m\u00eas. Ele se encontra em Orlando, na Fl\u00f3rida, desde o fim do ano passado.<\/p>\n","protected":false},"excerpt":{"rendered":"<p>Em entrevista \u00e0 imprensa norte-americana, o ex-presidente Jair Bolsonaro (PL) atribuiu \u00e0 esquerda a responsabilidade pelos atos ocorridos no dia 8 de janeiro em Bras\u00edlia. De acordo com ele, as manifesta\u00e7\u00f5es dos conversadores s\u00e3o marcadas por serem sempre pac\u00edficas, e as depreda\u00e7\u00f5es \u00e0s sedes dos Tr\u00eas Poderes foram planejadas por seus opositores. \u2013 Todos os [&hellip;]<\/p>\n","protected":false},"author":2,"featured_media":14973,"comment_status":"open","ping_status":"open","sticky":false,"template":"","format":"standard","meta":[],"categories":[4],"tags":[],"_links":{"self":[{"href":"https:\/\/dgospel.com.br\/portal\/index.php\/wp-json\/wp\/v2\/posts\/14972"}],"collection":[{"href":"https:\/\/dgospel.com.br\/portal\/index.php\/wp-json\/wp\/v2\/posts"}],"about":[{"href":"https:\/\/dgospel.com.br\/portal\/index.php\/wp-json\/wp\/v2\/types\/post"}],"author":[{"embeddable":true,"href":"https:\/\/dgospel.com.br\/portal\/index.php\/wp-json\/wp\/v2\/users\/2"}],"replies":[{"embeddable":true,"href":"https:\/\/dgospel.com.br\/portal\/index.php\/wp-json\/wp\/v2\/comments?post=14972"}],"version-history":[{"count":1,"href":"https:\/\/dgospel.com.br\/portal\/index.php\/wp-json\/wp\/v2\/posts\/14972\/revisions"}],"predecessor-version":[{"id":14974,"href":"https:\/\/dgospel.com.br\/portal\/index.php\/wp-json\/wp\/v2\/posts\/14972\/revisions\/14974"}],"wp:featuredmedia":[{"embeddable":true,"href":"https:\/\/dgospel.com.br\/portal\/index.php\/wp-json\/wp\/v2\/media\/14973"}],"wp:attachment":[{"href":"https:\/\/dgospel.com.br\/portal\/index.php\/wp-json\/wp\/v2\/media?parent=14972"}],"wp:term":[{"taxonomy":"category","embeddable":true,"href":"https:\/\/dgospel.com.br\/portal\/index.php\/wp-json\/wp\/v2\/categories?post=14972"},{"taxonomy":"post_tag","embeddable":true,"href":"https:\/\/dgospel.com.br\/portal\/index.php\/wp-json\/wp\/v2\/tags?post=14972"}],"curies":[{"name":"wp","href":"https:\/\/api.w.org\/{rel}","templated":true}]}}