{"id":14978,"date":"2023-03-06T10:59:53","date_gmt":"2023-03-06T13:59:53","guid":{"rendered":"http:\/\/dgospel.com.br\/portal\/?p=14978"},"modified":"2023-03-06T10:59:54","modified_gmt":"2023-03-06T13:59:54","slug":"embaixada-de-israel-critica-navios-de-guerra-do-ira-no-brasil","status":"publish","type":"post","link":"https:\/\/dgospel.com.br\/portal\/index.php\/2023\/03\/06\/embaixada-de-israel-critica-navios-de-guerra-do-ira-no-brasil\/","title":{"rendered":"Embaixada de Israel critica navios de guerra do Ir\u00e3 no Brasil"},"content":{"rendered":"\n<p>A&nbsp;<strong><a href=\"https:\/\/embassies.gov.il\/brasilia\/Pages\/default.aspx\">Embaixada de Israel no Brasil<\/a><\/strong>&nbsp;chamou de \u201cdesenvolvimento perigoso e lament\u00e1vel\u201d a atracagem de navios de guerra do Ir\u00e3 no Brasil. As embarca\u00e7\u00f5es chegaram ao Porto do Rio de Janeiro, no domingo 26, e devem ficar no pa\u00eds at\u00e9 4 de mar\u00e7o.<\/p>\n\n\n\n<p>A parada dos embarca\u00e7\u00f5es no Brasil dependia de autoriza\u00e7\u00e3o da Marinha, concedida depois de uma publica\u00e7\u00e3o no&nbsp;<em>Di\u00e1rio Oficial<\/em>&nbsp;da Uni\u00e3o, no m\u00eas passado.&nbsp;<strong><a href=\"https:\/\/revistaoeste.com\/mundo\/eua-criticam-navios-de-guerra-do-ira-atracados-no-brasil\/\">A presen\u00e7a dos navios de guerra do Ir\u00e3 j\u00e1 havia sido criticada pelos Estados Unidos<\/a><\/strong>, que consideram o fato como uma provoca\u00e7\u00e3o.<\/p>\n\n\n\n<p>\u201cO Brasil n\u00e3o deve conceder nenhum pr\u00eamio a um Estado maligno, respons\u00e1vel por in\u00fameras viola\u00e7\u00f5es dos Direitos Humanos contra seus pr\u00f3prios cidad\u00e3os, executando ataques terroristas em todo o mundo e distribuindo armamento para organiza\u00e7\u00f5es terroristas em todo o Oriente M\u00e9dio\u201d, criticou a Embaixada israelense. \u201cO regime iraniano executou dezenas de ataques terroristas contra navios, colocando em perigo a liberdade de navega\u00e7\u00e3o mar\u00edtima. Dois dos ataques ocorreram nas \u00faltimas semanas.\u201d<\/p>\n\n\n\n<p><\/p>\n\n\n\n<figure class=\"wp-block-image size-full\"><img loading=\"lazy\" width=\"544\" height=\"465\" src=\"http:\/\/dgospel.com.br\/portal\/wp-content\/uploads\/2023\/03\/000.jpg\" alt=\"\" class=\"wp-image-14979\" srcset=\"https:\/\/dgospel.com.br\/portal\/wp-content\/uploads\/2023\/03\/000.jpg 544w, https:\/\/dgospel.com.br\/portal\/wp-content\/uploads\/2023\/03\/000-300x256.jpg 300w\" sizes=\"(max-width: 544px) 100vw, 544px\" \/><\/figure>\n\n\n\n<p>O governo brasileiro conteve a autoriza\u00e7\u00e3o da parada dos navios por alguns dias, coincidentemente no per\u00edodo em que o presidente Luiz In\u00e1cio Lula da Silva esteve com o presidente dos EUA, Joe Biden.<\/p>\n\n\n\n<p>No entanto, a autoriza\u00e7\u00e3o foi concedida e a presen\u00e7a dos navios iranianos j\u00e1 levou o senador republicano Ted Cruz a se posicionar a favor de os EUA adotarem san\u00e7\u00f5es contra o Brasil.<\/p>\n","protected":false},"excerpt":{"rendered":"<p>A&nbsp;Embaixada de Israel no Brasil&nbsp;chamou de \u201cdesenvolvimento perigoso e lament\u00e1vel\u201d a atracagem de navios de guerra do Ir\u00e3 no Brasil. As embarca\u00e7\u00f5es chegaram ao Porto do Rio de Janeiro, no domingo 26, e devem ficar no pa\u00eds at\u00e9 4 de mar\u00e7o. A parada dos embarca\u00e7\u00f5es no Brasil dependia de autoriza\u00e7\u00e3o da Marinha, concedida depois de [&hellip;]<\/p>\n","protected":false},"author":2,"featured_media":14980,"comment_status":"open","ping_status":"open","sticky":false,"template":"","format":"standard","meta":[],"categories":[16],"tags":[],"_links":{"self":[{"href":"https:\/\/dgospel.com.br\/portal\/index.php\/wp-json\/wp\/v2\/posts\/14978"}],"collection":[{"href":"https:\/\/dgospel.com.br\/portal\/index.php\/wp-json\/wp\/v2\/posts"}],"about":[{"href":"https:\/\/dgospel.com.br\/portal\/index.php\/wp-json\/wp\/v2\/types\/post"}],"author":[{"embeddable":true,"href":"https:\/\/dgospel.com.br\/portal\/index.php\/wp-json\/wp\/v2\/users\/2"}],"replies":[{"embeddable":true,"href":"https:\/\/dgospel.com.br\/portal\/index.php\/wp-json\/wp\/v2\/comments?post=14978"}],"version-history":[{"count":1,"href":"https:\/\/dgospel.com.br\/portal\/index.php\/wp-json\/wp\/v2\/posts\/14978\/revisions"}],"predecessor-version":[{"id":14981,"href":"https:\/\/dgospel.com.br\/portal\/index.php\/wp-json\/wp\/v2\/posts\/14978\/revisions\/14981"}],"wp:featuredmedia":[{"embeddable":true,"href":"https:\/\/dgospel.com.br\/portal\/index.php\/wp-json\/wp\/v2\/media\/14980"}],"wp:attachment":[{"href":"https:\/\/dgospel.com.br\/portal\/index.php\/wp-json\/wp\/v2\/media?parent=14978"}],"wp:term":[{"taxonomy":"category","embeddable":true,"href":"https:\/\/dgospel.com.br\/portal\/index.php\/wp-json\/wp\/v2\/categories?post=14978"},{"taxonomy":"post_tag","embeddable":true,"href":"https:\/\/dgospel.com.br\/portal\/index.php\/wp-json\/wp\/v2\/tags?post=14978"}],"curies":[{"name":"wp","href":"https:\/\/api.w.org\/{rel}","templated":true}]}}