{"id":14983,"date":"2023-03-07T11:59:11","date_gmt":"2023-03-07T14:59:11","guid":{"rendered":"http:\/\/dgospel.com.br\/portal\/?p=14983"},"modified":"2023-03-07T11:59:13","modified_gmt":"2023-03-07T14:59:13","slug":"ibge-aponta-que-tocantins-tem-a-menor-taxa-de-desemprego-dos-ultimos-24-anos","status":"publish","type":"post","link":"https:\/\/dgospel.com.br\/portal\/index.php\/2023\/03\/07\/ibge-aponta-que-tocantins-tem-a-menor-taxa-de-desemprego-dos-ultimos-24-anos\/","title":{"rendered":"IBGE aponta que Tocantins tem a menor taxa de desemprego dos \u00faltimos 24 anos"},"content":{"rendered":"\n<p>O Estado do Tocantins registrou acr\u00e9scimo na popula\u00e7\u00e3o ocupada e queda na taxa de desocupados no quarto trimestre de 2022, tanto em rela\u00e7\u00e3o ao terceiro trimestre quanto ao ano anterior, segundo os dados da Pesquisa Nacional por Amostra de Domic\u00edlio (Pnad). Os dados analisados na Pnad s\u00e3o coletados pelo Instituto Brasileiro de Geografia e Estat\u00edstica (IBGE).<\/p>\n\n\n\n<p>A popula\u00e7\u00e3o ocupada no Tocantins aumentou para 753 mil trabalhadores, com um acr\u00e9scimo de 0,40% em rela\u00e7\u00e3o ao per\u00edodo anterior. J\u00e1 em rela\u00e7\u00e3o \u00e0 desocupa\u00e7\u00e3o, o Tocantins tem a oitava menor taxa entre os estados brasileiros e a terceira entre os estados pertencentes \u00e0 regi\u00e3o Norte com 5,2%, sendo esta a menor registrada nos \u00faltimos 24 anos.<\/p>\n\n\n\n<p>No ranking por capitais, Palmas superou as expectativas alcan\u00e7ando o primeiro lugar com a menor taxa de desemprego do pa\u00eds, com 2,7%. Essa \u00e9 a menor taxa de desemprego registrada em Palmas desde 2012.<\/p>\n\n\n\n<p>O governador Wanderlei Barbosa destaca que os in\u00fameros esfor\u00e7os para fortalecer a economia do Estado e contribuir para a gera\u00e7\u00e3o de emprego e renda repercutem nos n\u00fameros divulgados. \u201cNo momento, o Tocantins apresenta um cen\u00e1rio promissor e buscamos traduzir esses n\u00fameros positivos em qualidade de vida e melhorias para a nossa popula\u00e7\u00e3o\u201d, afirma.<\/p>\n\n\n\n<p><strong>Popula\u00e7\u00e3o ocupada no Tocantins<\/strong><\/p>\n\n\n\n<p>A popula\u00e7\u00e3o ocupada no Tocantins totaliza 753 mil pessoas e os trabalhadores, por conta pr\u00f3pria, representam 21%, o que corresponde a 159 mil pessoas. Os empregados no setor p\u00fablico constituem 23% e representam 173 mil desses trabalhadores. Os profissionais no setor privado com carteira assinada s\u00e3o 24 % e correspondem a 180 mil pessoas; e sem carteira assinada totalizam 150 mil, com 20%. J\u00e1 os empregadores s\u00e3o 4% e somam 33 mil pessoas; e o Trabalhador Familiar constitui 1%, com 10 mil indiv\u00edduos.<\/p>\n\n\n\n<p>O gestor da Secretaria de Estado do Trabalho e Desenvolvimento Social (Setas), Jonis Cala\u00e7a, destaca que \u201cas a\u00e7\u00f5es cont\u00ednuas do Governo do Tocantins, por todo o Estado, e o esfor\u00e7o do empresariado possibilitam que a cada pesquisa divulgada tenhamos n\u00fameros mais positivos, tanto de trabalhadores ocupados quanto na redu\u00e7\u00e3o no n\u00famero de desocupados\u201d.<\/p>\n\n\n\n<p>O secret\u00e1rio ressalta que o Sistema Nacional de Emprego (Sine) tem divulgado uma m\u00e9dia de 700 vagas de emprego diariamente, al\u00e9m de disponibilizar capacita\u00e7\u00f5es gratuitas em todas as suas unidades no Estado. No Tocantins, o Sine \u00e9 gerido pelo Governo do Estado, por meio da Setas.<\/p>\n\n\n\n<p>Vale lembrar que, para o IBGE, a popula\u00e7\u00e3o ocupada refere-se aos que possuem algum of\u00edcio em um per\u00edodo de refer\u00eancia, sendo esse of\u00edcio remunerado, n\u00e3o remunerado, por conta pr\u00f3pria ou como um empregador.<\/p>\n\n\n\n<p><strong>Popula\u00e7\u00e3o desocupada<\/strong><\/p>\n\n\n\n<p>No Tocantins, a taxa de desocupa\u00e7\u00e3o foi de 5,2%, o que significa que cerca de 41 mil trabalhadores est\u00e3o sem emprego ou procurando por emprego, sendo esta a menor taxa registrada nos \u00faltimos 24 anos. \u201cHistoricamente, s\u00f3 nos aproximamos destes \u00edndices em 1992 com 5,1 %; em 1993, com 4,4%; e em&nbsp;1999 com 5,1%\u201d, explica o gerente de Planejamento, Monitoramento e Avalia\u00e7\u00e3o do Sine Tocantins, Rairivaldo Novaes.<\/p>\n\n\n\n<p>Em rela\u00e7\u00e3o ao trimestre anterior, a taxa de desocupa\u00e7\u00e3o foi 5,6%, o que representa 45 mil trabalhadores, com redu\u00e7\u00e3o de 0,16%.<\/p>\n\n\n\n<p>Na capital Palmas, a taxa de desocupa\u00e7\u00e3o foi de 2,7%, o que significa que cerca 5 mil trabalhadores est\u00e3o sem emprego ou procurando por emprego. \u201cEssa \u00e9 a menor taxa de desemprego registrada em Palmas nos \u00faltimos 10 anos\u201d, aponta a gerente do Observat\u00f3rio do Trabalho do Sistema Nacional do Emprego no Tocantins, Willany Bezerra Lira.<\/p>\n\n\n\n<p>Para o IBGE, a popula\u00e7\u00e3o desocupada \u00e9 o grupo de pessoas que n\u00e3o possuem emprego e que est\u00e3o aptas a trabalhar, tendo realizado algum m\u00ednimo esfor\u00e7o para tal.<\/p>\n\n\n\n<p><strong>Pnad Cont\u00ednua<\/strong><\/p>\n\n\n\n<p>A Pnad Cont\u00ednua \u00e9 uma pesquisa por amostra probabil\u00edstica de domic\u00edlios, de abrang\u00eancia nacional, planejada para atender a diversos prop\u00f3sitos. Visa produzir informa\u00e7\u00f5es b\u00e1sicas para o estudo do desenvolvimento socioecon\u00f4mico do Pa\u00eds e permite a investiga\u00e7\u00e3o cont\u00ednua de indicadores sobre trabalho e rendimento.<\/p>\n\n\n\n<p><img src=\"https:\/\/central.to.gov.br\/image\/320673?w=670&amp;h=383\"><\/p>\n\n\n\n<p>Sine Tocantins \u00e9 gerido pelo Governo do Estado, por meio da Setas &#8211; Carlessandro Souza\/Governo do Tocantins\u00a0<\/p>\n\n\n\n<p><img src=\"https:\/\/central.to.gov.br\/image\/320675?w=670&amp;h=383\"><\/p>\n\n\n\n<p>Secret\u00e1rio de Estado do Trabalho e Desenvolvimento Social, Jonis Cala\u00e7a &#8211; Carlessandro Souza\/Governo do Tocantins<\/p>\n","protected":false},"excerpt":{"rendered":"<p>O Estado do Tocantins registrou acr\u00e9scimo na popula\u00e7\u00e3o ocupada e queda na taxa de desocupados no quarto trimestre de 2022, tanto em rela\u00e7\u00e3o ao terceiro trimestre quanto ao ano anterior, segundo os dados da Pesquisa Nacional por Amostra de Domic\u00edlio (Pnad). Os dados analisados na Pnad s\u00e3o coletados pelo Instituto Brasileiro de Geografia e Estat\u00edstica [&hellip;]<\/p>\n","protected":false},"author":2,"featured_media":14984,"comment_status":"open","ping_status":"open","sticky":false,"template":"","format":"standard","meta":[],"categories":[3],"tags":[13],"_links":{"self":[{"href":"https:\/\/dgospel.com.br\/portal\/index.php\/wp-json\/wp\/v2\/posts\/14983"}],"collection":[{"href":"https:\/\/dgospel.com.br\/portal\/index.php\/wp-json\/wp\/v2\/posts"}],"about":[{"href":"https:\/\/dgospel.com.br\/portal\/index.php\/wp-json\/wp\/v2\/types\/post"}],"author":[{"embeddable":true,"href":"https:\/\/dgospel.com.br\/portal\/index.php\/wp-json\/wp\/v2\/users\/2"}],"replies":[{"embeddable":true,"href":"https:\/\/dgospel.com.br\/portal\/index.php\/wp-json\/wp\/v2\/comments?post=14983"}],"version-history":[{"count":1,"href":"https:\/\/dgospel.com.br\/portal\/index.php\/wp-json\/wp\/v2\/posts\/14983\/revisions"}],"predecessor-version":[{"id":14985,"href":"https:\/\/dgospel.com.br\/portal\/index.php\/wp-json\/wp\/v2\/posts\/14983\/revisions\/14985"}],"wp:featuredmedia":[{"embeddable":true,"href":"https:\/\/dgospel.com.br\/portal\/index.php\/wp-json\/wp\/v2\/media\/14984"}],"wp:attachment":[{"href":"https:\/\/dgospel.com.br\/portal\/index.php\/wp-json\/wp\/v2\/media?parent=14983"}],"wp:term":[{"taxonomy":"category","embeddable":true,"href":"https:\/\/dgospel.com.br\/portal\/index.php\/wp-json\/wp\/v2\/categories?post=14983"},{"taxonomy":"post_tag","embeddable":true,"href":"https:\/\/dgospel.com.br\/portal\/index.php\/wp-json\/wp\/v2\/tags?post=14983"}],"curies":[{"name":"wp","href":"https:\/\/api.w.org\/{rel}","templated":true}]}}