{"id":14986,"date":"2023-03-07T12:03:17","date_gmt":"2023-03-07T15:03:17","guid":{"rendered":"http:\/\/dgospel.com.br\/portal\/?p=14986"},"modified":"2023-03-07T12:03:18","modified_gmt":"2023-03-07T15:03:18","slug":"inscricoes-para-o-concurso-da-secretaria-de-estado-da-educacao-se-encerram-no-proximo-dia-16","status":"publish","type":"post","link":"https:\/\/dgospel.com.br\/portal\/index.php\/2023\/03\/07\/inscricoes-para-o-concurso-da-secretaria-de-estado-da-educacao-se-encerram-no-proximo-dia-16\/","title":{"rendered":"Inscri\u00e7\u00f5es para o concurso da Secretaria de Estado da Educa\u00e7\u00e3o se encerram no pr\u00f3ximo dia 16"},"content":{"rendered":"\n<p>Faltam poucos dias para o encerramento das inscri\u00e7\u00f5es para o concurso da Secretaria de Estado da Educa\u00e7\u00e3o. O certame oferta 5.164 vagas para o provimento nos cargos de professor da educa\u00e7\u00e3o b\u00e1sica, coordenador pedag\u00f3gico, orientador educacional e professor da educa\u00e7\u00e3o b\u00e1sica na educa\u00e7\u00e3o ind\u00edgena.<\/p>\n\n\n\n<p>Os candidatos interessados t\u00eam at\u00e9 o dia 16 de mar\u00e7o para efetuar a inscri\u00e7\u00e3o, que deve ser realizada por meio do link:&nbsp;<a href=\"https:\/\/conhecimento.fgv.br\/concursos\/secad.to\">https:\/\/conhecimento.fgv.br\/concursos\/secad.to<\/a>. O valor da taxa de inscri\u00e7\u00e3o \u00e9 de R$ 150, com exce\u00e7\u00e3o de candidatos \u00e0s vagas de professor na educa\u00e7\u00e3o ind\u00edgena, que ser\u00e3o isentos da taxa de inscri\u00e7\u00e3o.<\/p>\n\n\n\n<p>As provas est\u00e3o agendadas para o dia 11 de junho de 2023, e ser\u00e3o realizadas em Aragua\u00edna, Araguatins, Arraias, Gurupi, Miracema do Tocantins, Palmas e Para\u00edso do Tocantins.<\/p>\n\n\n\n<p>As vagas atender\u00e3o 137 munic\u00edpios do Estado. Somente os munic\u00edpios de Monte Santo e Chapada da Areia n\u00e3o ser\u00e3o contemplados, por ainda n\u00e3o possu\u00edrem escolas estaduais. A remunera\u00e7\u00e3o inicial prevista para o professor da educa\u00e7\u00e3o b\u00e1sica \u00e9 de R$ 4.826,20.<\/p>\n\n\n\n<p>O concurso ser\u00e1 realizado em uma \u00fanica etapa de execu\u00e7\u00e3o com duas fases, sendo a primeira de exame de habilidades e conhecimentos aferidos por meio de aplica\u00e7\u00e3o de provas objetivas e discursivas, de car\u00e1ter eliminat\u00f3rio e classificat\u00f3rio, e a segunda de avalia\u00e7\u00e3o de t\u00edtulos, de car\u00e1ter unicamente classificat\u00f3rio.<\/p>\n\n\n\n<p>O Edital completo pode ser acessado no site da Funda\u00e7\u00e3o Get\u00falio Vargas, no endere\u00e7o eletr\u00f4nico&nbsp;<a href=\"https:\/\/conhecimento.fgv.br\/concursos\/secad.to\">https:\/\/conhecimento.fgv.br\/concursos\/secad.to<\/a>.<\/p>\n","protected":false},"excerpt":{"rendered":"<p>Faltam poucos dias para o encerramento das inscri\u00e7\u00f5es para o concurso da Secretaria de Estado da Educa\u00e7\u00e3o. O certame oferta 5.164 vagas para o provimento nos cargos de professor da educa\u00e7\u00e3o b\u00e1sica, coordenador pedag\u00f3gico, orientador educacional e professor da educa\u00e7\u00e3o b\u00e1sica na educa\u00e7\u00e3o ind\u00edgena. Os candidatos interessados t\u00eam at\u00e9 o dia 16 de mar\u00e7o para [&hellip;]<\/p>\n","protected":false},"author":2,"featured_media":14987,"comment_status":"open","ping_status":"open","sticky":false,"template":"","format":"standard","meta":[],"categories":[3],"tags":[13],"_links":{"self":[{"href":"https:\/\/dgospel.com.br\/portal\/index.php\/wp-json\/wp\/v2\/posts\/14986"}],"collection":[{"href":"https:\/\/dgospel.com.br\/portal\/index.php\/wp-json\/wp\/v2\/posts"}],"about":[{"href":"https:\/\/dgospel.com.br\/portal\/index.php\/wp-json\/wp\/v2\/types\/post"}],"author":[{"embeddable":true,"href":"https:\/\/dgospel.com.br\/portal\/index.php\/wp-json\/wp\/v2\/users\/2"}],"replies":[{"embeddable":true,"href":"https:\/\/dgospel.com.br\/portal\/index.php\/wp-json\/wp\/v2\/comments?post=14986"}],"version-history":[{"count":1,"href":"https:\/\/dgospel.com.br\/portal\/index.php\/wp-json\/wp\/v2\/posts\/14986\/revisions"}],"predecessor-version":[{"id":14988,"href":"https:\/\/dgospel.com.br\/portal\/index.php\/wp-json\/wp\/v2\/posts\/14986\/revisions\/14988"}],"wp:featuredmedia":[{"embeddable":true,"href":"https:\/\/dgospel.com.br\/portal\/index.php\/wp-json\/wp\/v2\/media\/14987"}],"wp:attachment":[{"href":"https:\/\/dgospel.com.br\/portal\/index.php\/wp-json\/wp\/v2\/media?parent=14986"}],"wp:term":[{"taxonomy":"category","embeddable":true,"href":"https:\/\/dgospel.com.br\/portal\/index.php\/wp-json\/wp\/v2\/categories?post=14986"},{"taxonomy":"post_tag","embeddable":true,"href":"https:\/\/dgospel.com.br\/portal\/index.php\/wp-json\/wp\/v2\/tags?post=14986"}],"curies":[{"name":"wp","href":"https:\/\/api.w.org\/{rel}","templated":true}]}}