{"id":14989,"date":"2023-03-07T12:05:45","date_gmt":"2023-03-07T15:05:45","guid":{"rendered":"http:\/\/dgospel.com.br\/portal\/?p=14989"},"modified":"2023-03-07T12:05:46","modified_gmt":"2023-03-07T15:05:46","slug":"wanderlei-barbosa-destaca-bom-relacionamento-com-a-dpe-to-na-posse-de-estellamaris-postal-como-defensora-publica-geral-do-tocantins","status":"publish","type":"post","link":"https:\/\/dgospel.com.br\/portal\/index.php\/2023\/03\/07\/wanderlei-barbosa-destaca-bom-relacionamento-com-a-dpe-to-na-posse-de-estellamaris-postal-como-defensora-publica-geral-do-tocantins\/","title":{"rendered":"Wanderlei Barbosa destaca bom relacionamento com a DPE-TO na posse de Estellamaris Postal como defensora P\u00fablica-Geral do Tocantins"},"content":{"rendered":"\n<p>O governador Wanderlei Barbosa prestigiou, nesta segunda-feira, 6, a posse de recondu\u00e7\u00e3o de Estellamaris Postal ao cargo de defensora p\u00fablica-geral do Estado do Tocantins. \u00c9 a quarta vez que ela assume a chefia da Defensoria P\u00fablica do Estado (DPE-TO).&nbsp; Em seu discurso, o Governador parabenizou Estellamaris pela recondu\u00e7\u00e3o ao cargo e destacou a import\u00e2ncia do bom relacionamento entre o Executivo e a DPE-TO.&nbsp;<\/p>\n\n\n\n<p>&#8220;N\u00f3s trabalhamos pelo bom relacionento entre as institui\u00e7\u00f5es. O Governo do Tocantins \u00e9 parceiro da Defensoria, assim como o \u00f3rg\u00e3o \u00e9 parceiro do Governo e, nesse sentido, n\u00f3s devemos trabalhar juntos para melhorar as vidas das pessoas que mais precisam. A Defensoria \u00e9 a voz dos mais necessitados na sa\u00fade, educa\u00e7\u00e3o e diversos outros setores e, para mim, Governo competente \u00e9 o que aceita cr\u00edticas e as transforma em solu\u00e7\u00f5es. Quero desejar \u00e0 doutora Estellamaris muito sucesso em sua gest\u00e3o, bem como \u00e0 toda diretoria da DPE-TO&#8221;, estimou o governador.<\/p>\n\n\n\n<p>O vice-governador, Laurez Moreira, tamb\u00e9m deixou suas congratula\u00e7\u00f5es \u00e0 defensora p\u00fablica-geral do Estado do Tocantins. \u201cQuero parabenizar a doutora Estellamaris por esse grande momento que ela est\u00e1 vivendo assumindo a Defensoria P\u00fablica pela quarta vez. Isso \u00e9 motivo de muito orgulho para todos n\u00f3s\u201d, ressaltou Laurez Moreira.&nbsp;<\/p>\n\n\n\n<p>A posse de Estellamaris Postal foi prestigiada tamb\u00e9m pelo ministro da Integra\u00e7\u00e3o e do Desenvolvimento Regional, Waldez G\u00f3es. Oriundo do Amap\u00e1, o ministro comparou a fun\u00e7\u00e3o social desempenhada pelas duas institui\u00e7\u00f5es. &#8220;Parabenizo a doutora Estellamaris por seu dinamismo a frente dessa institui\u00e7\u00e3o indispens\u00e1vel \u00e0 garantia do direito social do povo brasileiro. No Amap\u00e1 a Defensoria \u00e9 respons\u00e1vel por 80% da movimenta\u00e7\u00e3o processual no Estado. Imagino que no Tocantins esses n\u00fameros n\u00e3o sejam t\u00e3o diferentes, ent\u00e3o, se n\u00e3o fosse as Defensorias P\u00fablicas, uma grande parecela da popula\u00e7\u00e3o, aquela que mais precisa, ficaria sem atendimento jur\u00eddico&#8221;, declarou o ministro.<\/p>\n\n\n\n<p>Estellamaris Postal foi defensora p\u00fablica-geral do Estado do Tocantins em tr\u00eas bi\u00eanios anteriores (2007\/2008; 2009\/2010 e 2021\/2022). Em outubro do ano passado, foi eleita pela quarta vez para o cargo que vai ocupar at\u00e9 o ano de 2025. Ela afirmou que durante sua gest\u00e3o a DPE-TO vai manter o foco na assist\u00eancia \u00e0 popula\u00e7\u00e3o carente, com apoio do Governo do Tocantins. &#8220;O governador Wanderlei Barbosa \u00e9 muito pr\u00f3ximo aos movimentos sociais e se preocupa com as pessoas mais pobres, que \u00e9 o p\u00fablico-alvo da Defensoria P\u00fablica do Estado do Tocantins. Eu o admiro por aceitar t\u00e3o prontamente o trabalho dos \u00f3rg\u00e3os que t\u00eam o papel de fiscalizar e certamente vamos conseguir construir juntos uma pareceria com foco em sanar as necessidades da popula\u00e7\u00e3o mais carente do nosso estado&#8221;, afirmou a Defensoria p\u00fablica-geral.<\/p>\n\n\n\n<p><strong>Perfil<\/strong><\/p>\n\n\n\n<p>Graduada em Direito pela Universidade de Passo Fundo (RS) e p\u00f3s-graduada em Gest\u00e3o P\u00fablica, Direito Civil e Processual Civil pela Funda\u00e7\u00e3o Universidade do Tocantins (Unitins), Estellamaris Postal foi efetivada na DPE-TO em 1994. Ela fez parte do Conselho Penitenci\u00e1rio do Estado em 2005; foi subdefensora p\u00fablica-geral do \u00f3rg\u00e3o por tr\u00eas bi\u00eanios e corregedora-geral da DPE-TO de 2013 a 2017.<\/p>\n\n\n\n<p>Al\u00e9m da atua\u00e7\u00e3o na DPE-TO, a defensora p\u00fablica tamb\u00e9m prestou servi\u00e7o junto ao Minist\u00e9rio da Justi\u00e7a nos anos de 2012 e 2013, mesmo per\u00edodo em que coordenou os trabalhos da For\u00e7a Nacional de Execu\u00e7\u00e3o Penal no Estado de Santa Catarina. Ela tamb\u00e9m participou da elabora\u00e7\u00e3o do III Diagn\u00f3stico das Defensorias P\u00fablicas e do Brasil e foi a primeira mulher a ser nomeada Secret\u00e1ria Nacional da Reforma do Judici\u00e1rio, do Minist\u00e9rio da Justi\u00e7a, em 2014. Ela tamb\u00e9m foi vice-presidente da Associa\u00e7\u00e3o Brasileira das Mulheres de Carreira Jur\u00eddicas (ABMCJ).<\/p>\n\n\n\n<p>Mais recentemente, foi presidente do Conselho Nacional de Defensoras e Defensores P\u00fablicos-Gerais (Condege) e membro do Conselho Nacional dos Corregedores Gerais das Defensorias P\u00fablicas Estaduais, do Distrito Federal e da Uni\u00e3o.<\/p>\n\n\n\n<p><img src=\"https:\/\/central.to.gov.br\/image\/320715?w=670&amp;h=383\"><\/p>\n\n\n\n<p>A posse de Estellamaris foi prestigiada tamb\u00e9m pelo ministro da Integra\u00e7\u00e3o e do Desenvolvimento Regional, Waldez G\u00f3es &#8211; Tharson Lopes\/Governo do Tocantins<\/p>\n\n\n\n<p><img src=\"https:\/\/central.to.gov.br\/image\/320716?w=670&amp;h=383\"><\/p>\n\n\n\n<p>Em seu discurso, o Governador parabenizou Estellamaris pela recondu\u00e7\u00e3o ao cargo e destacou a import\u00e2ncia do bom relacionamento entre o Executivo e a DPE-TO &#8211; Tharson Lopes\/Governo do Tocantins&nbsp;<\/p>\n","protected":false},"excerpt":{"rendered":"<p>O governador Wanderlei Barbosa prestigiou, nesta segunda-feira, 6, a posse de recondu\u00e7\u00e3o de Estellamaris Postal ao cargo de defensora p\u00fablica-geral do Estado do Tocantins. \u00c9 a quarta vez que ela assume a chefia da Defensoria P\u00fablica do Estado (DPE-TO).&nbsp; Em seu discurso, o Governador parabenizou Estellamaris pela recondu\u00e7\u00e3o ao cargo e destacou a import\u00e2ncia do [&hellip;]<\/p>\n","protected":false},"author":2,"featured_media":14990,"comment_status":"open","ping_status":"open","sticky":false,"template":"","format":"standard","meta":[],"categories":[3],"tags":[13],"_links":{"self":[{"href":"https:\/\/dgospel.com.br\/portal\/index.php\/wp-json\/wp\/v2\/posts\/14989"}],"collection":[{"href":"https:\/\/dgospel.com.br\/portal\/index.php\/wp-json\/wp\/v2\/posts"}],"about":[{"href":"https:\/\/dgospel.com.br\/portal\/index.php\/wp-json\/wp\/v2\/types\/post"}],"author":[{"embeddable":true,"href":"https:\/\/dgospel.com.br\/portal\/index.php\/wp-json\/wp\/v2\/users\/2"}],"replies":[{"embeddable":true,"href":"https:\/\/dgospel.com.br\/portal\/index.php\/wp-json\/wp\/v2\/comments?post=14989"}],"version-history":[{"count":1,"href":"https:\/\/dgospel.com.br\/portal\/index.php\/wp-json\/wp\/v2\/posts\/14989\/revisions"}],"predecessor-version":[{"id":14991,"href":"https:\/\/dgospel.com.br\/portal\/index.php\/wp-json\/wp\/v2\/posts\/14989\/revisions\/14991"}],"wp:featuredmedia":[{"embeddable":true,"href":"https:\/\/dgospel.com.br\/portal\/index.php\/wp-json\/wp\/v2\/media\/14990"}],"wp:attachment":[{"href":"https:\/\/dgospel.com.br\/portal\/index.php\/wp-json\/wp\/v2\/media?parent=14989"}],"wp:term":[{"taxonomy":"category","embeddable":true,"href":"https:\/\/dgospel.com.br\/portal\/index.php\/wp-json\/wp\/v2\/categories?post=14989"},{"taxonomy":"post_tag","embeddable":true,"href":"https:\/\/dgospel.com.br\/portal\/index.php\/wp-json\/wp\/v2\/tags?post=14989"}],"curies":[{"name":"wp","href":"https:\/\/api.w.org\/{rel}","templated":true}]}}