{"id":15002,"date":"2023-03-07T22:55:47","date_gmt":"2023-03-08T01:55:47","guid":{"rendered":"http:\/\/dgospel.com.br\/portal\/?p=15002"},"modified":"2023-03-07T22:55:48","modified_gmt":"2023-03-08T01:55:48","slug":"brasil-pode-fechar-o-ano-em-recessao-afirmam-economistas","status":"publish","type":"post","link":"https:\/\/dgospel.com.br\/portal\/index.php\/2023\/03\/07\/brasil-pode-fechar-o-ano-em-recessao-afirmam-economistas\/","title":{"rendered":"Brasil pode fechar o ano em recess\u00e3o, afirmam economistas"},"content":{"rendered":"\n<p>As proje\u00e7\u00f5es de alguns bancos sobre a economia brasileira n\u00e3o s\u00e3o nada animadoras. Eles j\u00e1 trabalham com a possibilidade do Brasil fechar o ano tecnicamente em recess\u00e3o (termo utilizado para classificar quando h\u00e1 queda do Produto Interno Bruto (PIB) em dois trimestres consecutivos).<\/p>\n\n\n\n<p>\u2013 O resultado de 2022 foi muito bom, com crescimento forte, mas que n\u00e3o deve se repetir em 2023. Nenhum fundamento mostra que isso v\u00e1 acontecer ao longo deste ano \u2013 diz a economista Juliana Trece, do FGV Ibre (Instituto Brasileiro de Economia da Funda\u00e7\u00e3o Getulio Vargas).<\/p>\n\n\n\n<p>\u2013 O ano de 2023 deve ser bem mais desafiador. Os juros est\u00e3o em n\u00edveis elevados, o endividamento das fam\u00edlias bateu recorde \u2013 acrescenta Trece.<\/p>\n\n\n\n<p>As medidas adotadas pelo governo Jair Bolsonaro (PL), como amplia\u00e7\u00e3o do Aux\u00edlio Brasil e cortes de impostos, tamb\u00e9m provocaram reflexos moment\u00e2neos. E a elei\u00e7\u00e3o de Lula (PT), nome indesejado pelo mercado, fez cair a confian\u00e7a do investidor, que apoiava as iniciativas do ministro da Economia de Bolsonaro, Paulo Guedes.<\/p>\n\n\n\n<p>\u2013 O \u00faltimo trimestre do ano foi de encolhimento do PIB. Isso mostra que os elementos que fizeram a economia crescer em 2022 n\u00e3o v\u00e3o repercutir em 2023 \u2013 avalia com desesperan\u00e7a a economista Juliana Inhasz, professora do Insper.<\/p>\n\n\n\n<p>A economista Natalia Cotarelli ressalta que o indicador de atividade da institui\u00e7\u00e3o mostra um desempenho mais acentuado tanto para o consumo de bens como de servi\u00e7os neste in\u00edcio de ano.<\/p>\n\n\n\n<p>\u2013 A gente tem esse primeiro trimestre mais forte, mas a perspectiva \u00e9 voltar para algo mais pr\u00f3ximo de zero ao longo dos pr\u00f3ximos trimestres \u2013 afirma Cotarelli.<\/p>\n\n\n\n<p>\u2013 O que tem pesado nessa desacelera\u00e7\u00e3o \u00e9 o mercado de trabalho mostrando algum sinal de fraqueza e a pol\u00edtica monet\u00e1ria mais contracionista. Esses dois fatores v\u00e3o continuar pesando sobre a atividade em 2023.<\/p>\n","protected":false},"excerpt":{"rendered":"<p>As proje\u00e7\u00f5es de alguns bancos sobre a economia brasileira n\u00e3o s\u00e3o nada animadoras. Eles j\u00e1 trabalham com a possibilidade do Brasil fechar o ano tecnicamente em recess\u00e3o (termo utilizado para classificar quando h\u00e1 queda do Produto Interno Bruto (PIB) em dois trimestres consecutivos). \u2013 O resultado de 2022 foi muito bom, com crescimento forte, mas [&hellip;]<\/p>\n","protected":false},"author":2,"featured_media":15003,"comment_status":"open","ping_status":"open","sticky":false,"template":"","format":"standard","meta":[],"categories":[4],"tags":[],"_links":{"self":[{"href":"https:\/\/dgospel.com.br\/portal\/index.php\/wp-json\/wp\/v2\/posts\/15002"}],"collection":[{"href":"https:\/\/dgospel.com.br\/portal\/index.php\/wp-json\/wp\/v2\/posts"}],"about":[{"href":"https:\/\/dgospel.com.br\/portal\/index.php\/wp-json\/wp\/v2\/types\/post"}],"author":[{"embeddable":true,"href":"https:\/\/dgospel.com.br\/portal\/index.php\/wp-json\/wp\/v2\/users\/2"}],"replies":[{"embeddable":true,"href":"https:\/\/dgospel.com.br\/portal\/index.php\/wp-json\/wp\/v2\/comments?post=15002"}],"version-history":[{"count":1,"href":"https:\/\/dgospel.com.br\/portal\/index.php\/wp-json\/wp\/v2\/posts\/15002\/revisions"}],"predecessor-version":[{"id":15004,"href":"https:\/\/dgospel.com.br\/portal\/index.php\/wp-json\/wp\/v2\/posts\/15002\/revisions\/15004"}],"wp:featuredmedia":[{"embeddable":true,"href":"https:\/\/dgospel.com.br\/portal\/index.php\/wp-json\/wp\/v2\/media\/15003"}],"wp:attachment":[{"href":"https:\/\/dgospel.com.br\/portal\/index.php\/wp-json\/wp\/v2\/media?parent=15002"}],"wp:term":[{"taxonomy":"category","embeddable":true,"href":"https:\/\/dgospel.com.br\/portal\/index.php\/wp-json\/wp\/v2\/categories?post=15002"},{"taxonomy":"post_tag","embeddable":true,"href":"https:\/\/dgospel.com.br\/portal\/index.php\/wp-json\/wp\/v2\/tags?post=15002"}],"curies":[{"name":"wp","href":"https:\/\/api.w.org\/{rel}","templated":true}]}}