{"id":15008,"date":"2023-03-07T23:08:16","date_gmt":"2023-03-08T02:08:16","guid":{"rendered":"http:\/\/dgospel.com.br\/portal\/?p=15008"},"modified":"2023-03-07T23:08:17","modified_gmt":"2023-03-08T02:08:17","slug":"petistas-cobram-picanha-de-lula","status":"publish","type":"post","link":"https:\/\/dgospel.com.br\/portal\/index.php\/2023\/03\/07\/petistas-cobram-picanha-de-lula\/","title":{"rendered":"Petistas \u2018cobram\u2019 picanha de Lula"},"content":{"rendered":"\n<p>Uma plateia formada por petistas \u201ccobrou\u201d picanha do presidente Luiz In\u00e1cio Lula da Silva durante evento em Rondon\u00f3polis (MT).&nbsp;<strong><a href=\"https:\/\/www.youtube.com\/watch?v=0aZQjCvu29g&amp;t=4396s\" target=\"_blank\" rel=\"noreferrer noopener\">Na sexta-feira 3<\/a><\/strong>, o chefe do Executivo participou de uma cerim\u00f4nia de entrega de 1,4 mil unidades habitacionais do programa Minha Casa Minha Vida.<\/p>\n\n\n\n<p>Em discurso, Lula disse que sairia de Rondon\u00f3polis com um sentimento de \u201cfelicidade\u201d, porque a entrega de casas aos mais pobres \u00e9 uma \u201cb\u00ean\u00e7\u00e3o\u201d. Al\u00e9m disso, o presidente sugeriu que as unidades habitacionais tivessem churrasqueiras. Ele afirmou ainda que o pre\u00e7o da carne teria ca\u00eddo 15% desde o in\u00edcio de seu terceiro mandato. E a plateia reagiu: \u201cPicanha! Picanha! Picanha!\u201d.<\/p>\n\n\n\n<figure class=\"wp-block-embed is-type-video is-provider-youtube wp-block-embed-youtube wp-embed-aspect-16-9 wp-has-aspect-ratio\"><div class=\"wp-block-embed__wrapper\">\n<iframe loading=\"lazy\" title=\"Lula faz lan\u00e7amento do Minha Casa Minha Vida no MT\" width=\"630\" height=\"354\" src=\"https:\/\/www.youtube.com\/embed\/0aZQjCvu29g?start=4396&#038;feature=oembed\" frameborder=\"0\" allow=\"accelerometer; autoplay; clipboard-write; encrypted-media; gyroscope; picture-in-picture; web-share\" allowfullscreen><\/iframe>\n<\/div><\/figure>\n\n\n\n<p>De acordo com o Instituto Brasileiro de Geografia e Estat\u00edstica (IBGE), o pre\u00e7o da carne diminuiu 0,5% em janeiro. Quando se refere ao termo \u201ccarne\u201d, a institui\u00e7\u00e3o avalia o pre\u00e7o de v\u00e1rios tipos de cortes \u2014 incluindo bovinos, su\u00ednos e carneiros. Ao mesmo tempo em que o pre\u00e7o das carnes em geral caiu 0,5%, o valor cobrado pela picanha subiu 0,7%. A pr\u00f3xima pesquisa de pre\u00e7os do IBGE, considerando os dados de fevereiro, sair\u00e1 apenas na sexta-feira 10.<\/p>\n\n\n\n<p>Na campanha eleitoral, Lula disse em diversas ocasi\u00f5es que os brasileiros voltariam a \u201ccomer picanha\u201d durante seu eventual terceiro mandato. Depois que o petista voltou ao Pal\u00e1cio do Planalto, no entanto, militantes de esquerda afirmaram que a promessa era apenas uma met\u00e1fora.<\/p>\n","protected":false},"excerpt":{"rendered":"<p>Uma plateia formada por petistas \u201ccobrou\u201d picanha do presidente Luiz In\u00e1cio Lula da Silva durante evento em Rondon\u00f3polis (MT).&nbsp;Na sexta-feira 3, o chefe do Executivo participou de uma cerim\u00f4nia de entrega de 1,4 mil unidades habitacionais do programa Minha Casa Minha Vida. Em discurso, Lula disse que sairia de Rondon\u00f3polis com um sentimento de \u201cfelicidade\u201d, [&hellip;]<\/p>\n","protected":false},"author":2,"featured_media":15009,"comment_status":"open","ping_status":"open","sticky":false,"template":"","format":"standard","meta":[],"categories":[10],"tags":[],"_links":{"self":[{"href":"https:\/\/dgospel.com.br\/portal\/index.php\/wp-json\/wp\/v2\/posts\/15008"}],"collection":[{"href":"https:\/\/dgospel.com.br\/portal\/index.php\/wp-json\/wp\/v2\/posts"}],"about":[{"href":"https:\/\/dgospel.com.br\/portal\/index.php\/wp-json\/wp\/v2\/types\/post"}],"author":[{"embeddable":true,"href":"https:\/\/dgospel.com.br\/portal\/index.php\/wp-json\/wp\/v2\/users\/2"}],"replies":[{"embeddable":true,"href":"https:\/\/dgospel.com.br\/portal\/index.php\/wp-json\/wp\/v2\/comments?post=15008"}],"version-history":[{"count":1,"href":"https:\/\/dgospel.com.br\/portal\/index.php\/wp-json\/wp\/v2\/posts\/15008\/revisions"}],"predecessor-version":[{"id":15010,"href":"https:\/\/dgospel.com.br\/portal\/index.php\/wp-json\/wp\/v2\/posts\/15008\/revisions\/15010"}],"wp:featuredmedia":[{"embeddable":true,"href":"https:\/\/dgospel.com.br\/portal\/index.php\/wp-json\/wp\/v2\/media\/15009"}],"wp:attachment":[{"href":"https:\/\/dgospel.com.br\/portal\/index.php\/wp-json\/wp\/v2\/media?parent=15008"}],"wp:term":[{"taxonomy":"category","embeddable":true,"href":"https:\/\/dgospel.com.br\/portal\/index.php\/wp-json\/wp\/v2\/categories?post=15008"},{"taxonomy":"post_tag","embeddable":true,"href":"https:\/\/dgospel.com.br\/portal\/index.php\/wp-json\/wp\/v2\/tags?post=15008"}],"curies":[{"name":"wp","href":"https:\/\/api.w.org\/{rel}","templated":true}]}}