{"id":15011,"date":"2023-03-07T23:11:39","date_gmt":"2023-03-08T02:11:39","guid":{"rendered":"http:\/\/dgospel.com.br\/portal\/?p=15011"},"modified":"2023-03-07T23:11:40","modified_gmt":"2023-03-08T02:11:40","slug":"chuva-de-vermes-inunda-pequim","status":"publish","type":"post","link":"https:\/\/dgospel.com.br\/portal\/index.php\/2023\/03\/07\/chuva-de-vermes-inunda-pequim\/","title":{"rendered":"\u2018Chuva de vermes\u2019 inunda Pequim"},"content":{"rendered":"\n<p>Uma \u201cchuva de vermes\u201d inundou Pequim nesta semana,&nbsp;<a href=\"https:\/\/twitter.com\/deZabedrosky\/status\/1631329133010591746\" target=\"_blank\" rel=\"noreferrer noopener\"><strong>de acordo com v\u00eddeos divulgados nas redes sociais<\/strong><\/a>. Nas imagens, \u00e9 poss\u00edvel ver os \u201canimais\u201d cobrindo ruas e ve\u00edculos. As autoridades chinesas recomendaram aos cidad\u00e3os que sa\u00edssem de casa com guarda-chuvas, conforme o jornal&nbsp;<em>El Herald<\/em>.<\/p>\n\n\n\n<p>O jornal argentino\u00a0<em>Perfil<\/em>\u00a0informou que o fen\u00f4meno n\u00e3o \u00e9 uma \u201cchuva de vermes\u201d, mas, sim, uma \u201ctempestade\u201d de flores de choupo. Essa esp\u00e9cie de flor tem formato semelhante a um lagarto. Em raz\u00e3o das chuvas, as folhas podem ter ca\u00eddo das \u00e1rvores e grudado nos carros. Al\u00e9m disso, as flores de choupo s\u00e3o comuns em Pequim.<\/p>\n\n\n\n<p>Outra hip\u00f3tese \u00e9 que isso seria consequ\u00eancia do fen\u00f4meno \u201cLua Cheia de Verme\u201d, que deveria ocorrer nesta ter\u00e7a-feira, 7. \u00c9 o dia da \u00faltima lua cheia de inverno no Hemisf\u00e9rio Norte. Nesse per\u00edodo do ano, em alguns pa\u00edses da regi\u00e3o, o solo come\u00e7a a descongelar e os vermes come\u00e7am a surgir.<\/p>\n\n\n\n<p>Nas redes sociais, internautas disseram que o fen\u00f4meno \u00e9 \u201co in\u00edcio do apocalipse\u201d. De acordo com os usu\u00e1rios, a\u00a0<em>B\u00edblia<\/em>\u00a0menciona v\u00e1rios desastres naturais antes do fim dos tempos.<\/p>\n\n\n\n<p>Veja<\/p>\n\n\n\n<p><blockquote class=\"twitter-tweet\" data-width=\"550\" data-dnt=\"true\"><p lang=\"es\" dir=\"ltr\">Se confirma el suceso con fecha modificada. Caen lombrices en <a href=\"https:\/\/twitter.com\/hashtag\/China?src=hash&amp;ref_src=twsrc%5Etfw\">#China<\/a>. (28.02.2023). <a href=\"https:\/\/twitter.com\/hashtag\/Rain?src=hash&amp;ref_src=twsrc%5Etfw\">#Rain<\/a> <a href=\"https:\/\/twitter.com\/hashtag\/Worms?src=hash&amp;ref_src=twsrc%5Etfw\">#Worms<\/a> <a href=\"https:\/\/twitter.com\/hashtag\/zabedrosky?src=hash&amp;ref_src=twsrc%5Etfw\">#zabedrosky<\/a> <a href=\"https:\/\/twitter.com\/hashtag\/Phenomenon?src=hash&amp;ref_src=twsrc%5Etfw\">#Phenomenon<\/a> <a href=\"https:\/\/t.co\/TBr3aQfAtA\">pic.twitter.com\/TBr3aQfAtA<\/a><\/p>&mdash; \u26a0\ufe0fAlerta Clim\u00e1tica\ud83d\udc7d\u1d58\u1da0\u1d52 (@deZabedrosky) <a href=\"https:\/\/twitter.com\/deZabedrosky\/status\/1631329133010591746?ref_src=twsrc%5Etfw\">March 2, 2023<\/a><\/blockquote><script async src=\"https:\/\/platform.twitter.com\/widgets.js\" charset=\"utf-8\"><\/script><\/p>\n","protected":false},"excerpt":{"rendered":"<p>Uma \u201cchuva de vermes\u201d inundou Pequim nesta semana,&nbsp;de acordo com v\u00eddeos divulgados nas redes sociais. Nas imagens, \u00e9 poss\u00edvel ver os \u201canimais\u201d cobrindo ruas e ve\u00edculos. As autoridades chinesas recomendaram aos cidad\u00e3os que sa\u00edssem de casa com guarda-chuvas, conforme o jornal&nbsp;El Herald. O jornal argentino\u00a0Perfil\u00a0informou que o fen\u00f4meno n\u00e3o \u00e9 uma \u201cchuva de vermes\u201d, mas, [&hellip;]<\/p>\n","protected":false},"author":2,"featured_media":15012,"comment_status":"open","ping_status":"open","sticky":false,"template":"","format":"standard","meta":[],"categories":[16],"tags":[],"_links":{"self":[{"href":"https:\/\/dgospel.com.br\/portal\/index.php\/wp-json\/wp\/v2\/posts\/15011"}],"collection":[{"href":"https:\/\/dgospel.com.br\/portal\/index.php\/wp-json\/wp\/v2\/posts"}],"about":[{"href":"https:\/\/dgospel.com.br\/portal\/index.php\/wp-json\/wp\/v2\/types\/post"}],"author":[{"embeddable":true,"href":"https:\/\/dgospel.com.br\/portal\/index.php\/wp-json\/wp\/v2\/users\/2"}],"replies":[{"embeddable":true,"href":"https:\/\/dgospel.com.br\/portal\/index.php\/wp-json\/wp\/v2\/comments?post=15011"}],"version-history":[{"count":1,"href":"https:\/\/dgospel.com.br\/portal\/index.php\/wp-json\/wp\/v2\/posts\/15011\/revisions"}],"predecessor-version":[{"id":15013,"href":"https:\/\/dgospel.com.br\/portal\/index.php\/wp-json\/wp\/v2\/posts\/15011\/revisions\/15013"}],"wp:featuredmedia":[{"embeddable":true,"href":"https:\/\/dgospel.com.br\/portal\/index.php\/wp-json\/wp\/v2\/media\/15012"}],"wp:attachment":[{"href":"https:\/\/dgospel.com.br\/portal\/index.php\/wp-json\/wp\/v2\/media?parent=15011"}],"wp:term":[{"taxonomy":"category","embeddable":true,"href":"https:\/\/dgospel.com.br\/portal\/index.php\/wp-json\/wp\/v2\/categories?post=15011"},{"taxonomy":"post_tag","embeddable":true,"href":"https:\/\/dgospel.com.br\/portal\/index.php\/wp-json\/wp\/v2\/tags?post=15011"}],"curies":[{"name":"wp","href":"https:\/\/api.w.org\/{rel}","templated":true}]}}