{"id":15014,"date":"2023-03-08T21:17:19","date_gmt":"2023-03-09T00:17:19","guid":{"rendered":"http:\/\/dgospel.com.br\/portal\/?p=15014"},"modified":"2023-03-08T21:17:21","modified_gmt":"2023-03-09T00:17:21","slug":"o-maior-escandalo-do-judiciario-esta-em-andamento","status":"publish","type":"post","link":"https:\/\/dgospel.com.br\/portal\/index.php\/2023\/03\/08\/o-maior-escandalo-do-judiciario-esta-em-andamento\/","title":{"rendered":"O maior esc\u00e2ndalo do Judici\u00e1rio est\u00e1 em andamento"},"content":{"rendered":"\n<p><strong>(<em>J.R. Guzzo<\/em>, publicado no jornal&nbsp;<em>O Estado de S. Paulo<\/em>&nbsp;em 8 de mar\u00e7o de 2023)<\/strong><\/p>\n\n\n\n<p>O presidente Lula est\u00e1 armando o que pode vir a ser o maior esc\u00e2ndalo em toda a hist\u00f3ria do Poder Judici\u00e1rio do Brasil \u2014 a nomea\u00e7\u00e3o do seu advogado pessoal, Cristiano Zanin, para um dos lugares a serem abertos no Supremo Tribunal Federal. Ele ficaria l\u00e1 at\u00e9 2051, quando far\u00e1 75 anos e seria obrigado a se aposentar. Ser\u00e3o quase 30 anos como ministro do Supremo; Zanin, hoje, tem 47. Jamais, em qualquer ponto da exist\u00eancia do pa\u00eds, um presidente da Rep\u00fablica chegou a esse ponto de degenera\u00e7\u00e3o ao tomar uma decis\u00e3o de governo. Na verdade, n\u00e3o h\u00e1 nenhum pa\u00eds s\u00e9rio em todo o mundo em que o chefe da Na\u00e7\u00e3o se rebaixe a fazer o que Lula, segundo o notici\u00e1rio, est\u00e1 querendo \u2014 colocar na principal Corte de Justi\u00e7a do Brasil um empregado que cuida dos seus interesses materiais e cuja independ\u00eancia em rela\u00e7\u00e3o ao governo ser\u00e1 igual a tr\u00eas vezes zero.<\/p>\n\n\n\n<p>Por sua conduta pr\u00e1tica, pelo que diz em p\u00fablico e pelas decis\u00f5es que tem tomado, Lula mostrou nos \u00faltimos dois meses que tem tudo para fazer um governo de calamidades, o pior que o pa\u00eds j\u00e1 teve \u2014 sim, pior at\u00e9 do que o de Dilma Rousseff. Com essa hist\u00f3ria de Zanin, por\u00e9m, ele vai al\u00e9m. Prova, a\u00ed, que est\u00e1 perdendo o controle sobre si mesmo e sobre as obriga\u00e7\u00f5es do seu cargo; mergulhou naquela zona mental sinistra onde os controles morais desaparecem e o indiv\u00edduo come\u00e7a a ter certeza de que nada do que ele queira, absolutamente nada, pode lhe ser negado. O mundo exterior deixa de existir. N\u00e3o h\u00e1 mais qualquer respeito pela opini\u00e3o, pelos argumentos ou pela intelig\u00eancia de ningu\u00e9m. N\u00e3o h\u00e1, para Lula, nada que esteja fora dele e mere\u00e7a a m\u00ednima considera\u00e7\u00e3o. N\u00e3o entende que seu cargo envolva deveres \u2014 s\u00f3 tem desejos. Ele cismou, agora, que o seu advogado tem de ir para o STF; l\u00e1, naturalmente, deve continuar lhe prestando obedi\u00eancia. \u00c9 a confus\u00e3o definitiva entre quest\u00e3o p\u00fablica e capricho pessoal. Ningu\u00e9m faz uma insensatez dessas, salvo, talvez, em alguma republiqueta bananeira de terceira categoria.<\/p>\n\n\n\n<p>Lula n\u00e3o precisa de mais um servi\u00e7al no&nbsp;<strong><a href=\"https:\/\/twitter.com\/STF_oficial\" target=\"_blank\" rel=\"noreferrer noopener\">STF<\/a><\/strong>; j\u00e1 tem, ali, todo o apoio que um pol\u00edtico pode desejar e a certeza de que nos pr\u00f3ximos cem anos a \u201ccorte suprema\u201d n\u00e3o mexer\u00e1 uma palha contra ele, fa\u00e7a o que fizer, ou contra qualquer figura do seu entorno. Seus riscos jur\u00eddicos, hoje, s\u00e3o nulos. Mas ele quer Zanin no STF; \u00e9 a necessidade de humilhar a sociedade brasileira \u2014 que humilha\u00e7\u00e3o pode ser maior do que ter seu advogado particular como ministro do STF? \u00c9, tamb\u00e9m, a obsess\u00e3o de provar que sua vontade est\u00e1 acima de tudo. \u00c9, enfim, a vingan\u00e7a do condenado por corrup\u00e7\u00e3o e lavagem de dinheiro. Ele est\u00e1 dizendo: \u201cVoc\u00eas me puseram na cadeia. Agora, v\u00e3o ter de engolir o meu advogado no Tribunal de Justi\u00e7a mais importante do pa\u00eds\u201d.<\/p>\n\n\n\n<p>Uma das duas nulidades que est\u00e1 no STF exercendo as fun\u00e7\u00f5es de \u201cmulher\u201d disse, na \u00e2nsia de agradar a Lula, que a nomea\u00e7\u00e3o de um ministro obviamente subordinado ao presidente da Rep\u00fablica \u00e9 \u201cnormal\u201d. Normal, com certeza, para este Supremo que tirou Lula da pris\u00e3o e lhe entregou a Presid\u00eancia; normal para quem vive de aberra\u00e7\u00f5es, viola a Constitui\u00e7\u00e3o o tempo todo e dirige um regime de exce\u00e7\u00e3o. Mas \u00e9 o que pode haver de mais anormal em qualquer sistema de Justi\u00e7a que se d\u00e1 o m\u00ednimo respeito. Havia muita preocupa\u00e7\u00e3o, at\u00e9 h\u00e1 pouco, com \u201ca imagem do Brasil no exterior\u201d; a dignidade do pa\u00eds estaria sendo destru\u00edda pelo governo anterior. E agora, como fica essa imagem? Quem, em qualquer democracia do Primeiro Mundo, vai achar \u201cnormal\u201d um desprop\u00f3sito como esse? Zanin, se for mesmo nomeado, ser\u00e1 uma mancha eterna na hist\u00f3ria do STF.<\/p>\n","protected":false},"excerpt":{"rendered":"<p>(J.R. Guzzo, publicado no jornal&nbsp;O Estado de S. Paulo&nbsp;em 8 de mar\u00e7o de 2023) O presidente Lula est\u00e1 armando o que pode vir a ser o maior esc\u00e2ndalo em toda a hist\u00f3ria do Poder Judici\u00e1rio do Brasil \u2014 a nomea\u00e7\u00e3o do seu advogado pessoal, Cristiano Zanin, para um dos lugares a serem abertos no Supremo [&hellip;]<\/p>\n","protected":false},"author":2,"featured_media":15015,"comment_status":"open","ping_status":"open","sticky":false,"template":"","format":"standard","meta":[],"categories":[4],"tags":[13],"_links":{"self":[{"href":"https:\/\/dgospel.com.br\/portal\/index.php\/wp-json\/wp\/v2\/posts\/15014"}],"collection":[{"href":"https:\/\/dgospel.com.br\/portal\/index.php\/wp-json\/wp\/v2\/posts"}],"about":[{"href":"https:\/\/dgospel.com.br\/portal\/index.php\/wp-json\/wp\/v2\/types\/post"}],"author":[{"embeddable":true,"href":"https:\/\/dgospel.com.br\/portal\/index.php\/wp-json\/wp\/v2\/users\/2"}],"replies":[{"embeddable":true,"href":"https:\/\/dgospel.com.br\/portal\/index.php\/wp-json\/wp\/v2\/comments?post=15014"}],"version-history":[{"count":1,"href":"https:\/\/dgospel.com.br\/portal\/index.php\/wp-json\/wp\/v2\/posts\/15014\/revisions"}],"predecessor-version":[{"id":15016,"href":"https:\/\/dgospel.com.br\/portal\/index.php\/wp-json\/wp\/v2\/posts\/15014\/revisions\/15016"}],"wp:featuredmedia":[{"embeddable":true,"href":"https:\/\/dgospel.com.br\/portal\/index.php\/wp-json\/wp\/v2\/media\/15015"}],"wp:attachment":[{"href":"https:\/\/dgospel.com.br\/portal\/index.php\/wp-json\/wp\/v2\/media?parent=15014"}],"wp:term":[{"taxonomy":"category","embeddable":true,"href":"https:\/\/dgospel.com.br\/portal\/index.php\/wp-json\/wp\/v2\/categories?post=15014"},{"taxonomy":"post_tag","embeddable":true,"href":"https:\/\/dgospel.com.br\/portal\/index.php\/wp-json\/wp\/v2\/tags?post=15014"}],"curies":[{"name":"wp","href":"https:\/\/api.w.org\/{rel}","templated":true}]}}