{"id":15017,"date":"2023-03-08T21:21:34","date_gmt":"2023-03-09T00:21:34","guid":{"rendered":"http:\/\/dgospel.com.br\/portal\/?p=15017"},"modified":"2023-03-08T21:21:35","modified_gmt":"2023-03-09T00:21:35","slug":"mst-vandaliza-loja-de-vinhos-da-salton-em-sao-paulo","status":"publish","type":"post","link":"https:\/\/dgospel.com.br\/portal\/index.php\/2023\/03\/08\/mst-vandaliza-loja-de-vinhos-da-salton-em-sao-paulo\/","title":{"rendered":"MST vandaliza loja de vinhos da Salton em S\u00e3o Paulo"},"content":{"rendered":"\n<p>O Movimento dos Trabalhadores Rurais Sem Terra (MST) vandalizou lojas de vinhos da Salton, em S\u00e3o Paulo, na tarde desta quarta-feira, 8. Apenas mulheres participaram da manifesta\u00e7\u00e3o, que ocorreu na Avenida Pacaembu, zona oeste da capital. O espa\u00e7o se tornou famoso pelo nome Enoteca Fam\u00edlia Salton.<\/p>\n\n\n\n<p>Os sem-terra jogaram tinta vermelha na fachada do pr\u00e9dio, gritaram palavras de ordem e estenderam faixas contra o agroneg\u00f3cio. De acordo com os militantes, o setor \u201clucra com a fome e com a viol\u00eancia\u201d.<\/p>\n\n\n\n<p>O ato ocorre exatamente no Dia Internacional da Mulher. A manifesta\u00e7\u00e3o desta quarta-feira faz parte da Jornada Nacional de Luta das Mulheres Sem Terra, que acontece anualmente. A data conta com mobiliza\u00e7\u00f5es, protestos e a\u00e7\u00f5es de forma\u00e7\u00e3o de militantes, por exemplo.<\/p>\n\n\n\n<p><blockquote class=\"twitter-tweet\" data-width=\"550\" data-dnt=\"true\"><p lang=\"pt\" dir=\"ltr\">Mulheres sem terra refor\u00e7aram a den\u00fancia p\u00fablica contra as vin\u00edcolas ligadas \u00e0 contrata\u00e7\u00e3o de m\u00e3o-de-obra an\u00e1loga \u00e0 escravid\u00e3o de trabalhadores nordestinos resgatados na \u00faltima semana, em Bento Gon\u00e7alves (RS), envolvendo as empresas Salton, Aurora e Garibaldi. <a href=\"https:\/\/t.co\/stjHO8vbch\">pic.twitter.com\/stjHO8vbch<\/a><\/p>&mdash; M\u00eddia NINJA (@MidiaNINJA) <a href=\"https:\/\/twitter.com\/MidiaNINJA\/status\/1633574073195286529?ref_src=twsrc%5Etfw\">March 8, 2023<\/a><\/blockquote><script async src=\"https:\/\/platform.twitter.com\/widgets.js\" charset=\"utf-8\"><\/script><\/p>\n\n\n\n<h2><strong>Den\u00fancias contra vin\u00edcolas<\/strong><\/h2>\n\n\n\n<p>Acusadas de uso de trabalho an\u00e1logo \u00e0 escravid\u00e3o, tr\u00eas vin\u00edcolas ga\u00fachas se manifestaram conjuntamente para recha\u00e7ar as den\u00fancias. As empresas est\u00e3o entre os principais produtores de Bento Gon\u00e7alves, no Rio Grande do Sul.<\/p>\n\n\n\n<p>\u201cJamais silenciar\u00edamos nem deixar\u00edamos de adotar medidas concretas para enfrentar o fato ocorrido em nossa regi\u00e3o\u201d, divulgaram as entidades representativas do setor, em comunicado.<\/p>\n\n\n\n<p>A den\u00fancia veio \u00e0 tona em 22 de fevereiro, por meio da empresa terceirizada F\u00eanix Servi\u00e7os de Apoio Administrativo. A companhia presta servi\u00e7o \u00e0s vin\u00edcolas Aurora, Cooperativa Garibaldi e Salton, entre outros produtores.<\/p>\n\n\n\n<figure class=\"wp-block-image\" id=\"attachment_726132\"><a href=\"https:\/\/medias.revistaoeste.com\/media-prod\/wp-content\/uploads\/2023\/03\/mst-2.jpeg\"><img src=\"https:\/\/medias.revistaoeste.com\/media-prod\/wp-content\/uploads\/2023\/03\/mst-2-1024x576.jpeg\" alt=\"MST Loja Vinhos Salton\" class=\"wp-image-726132\"\/><\/a><figcaption>Os sem-terra jogaram tinta vermelha contra uma loja da Salton, em S\u00e3o Paulo | Foto: Reprodu\u00e7\u00e3o\/Twitter<\/figcaption><\/figure>\n\n\n\n<p>Conforme a acusa\u00e7\u00e3o, tr\u00eas trabalhadores procuraram a pol\u00edcia para dizer que eram mantidos contra sua vontade num alojamento na cidade de Bento Gon\u00e7alves. Uma opera\u00e7\u00e3o policial realizada no mesmo dia identificou outras 200 pessoas que estariam em situa\u00e7\u00e3o semelhante, classificada como trabalho an\u00e1logo \u00e0 escravid\u00e3o.<\/p>\n\n\n\n<p>A F\u00eanix atua na regi\u00e3o h\u00e1 dez anos. Ainda de acordo com a den\u00fancia, havia \u201cextors\u00e3o, amea\u00e7as, agress\u00f5es e torturas\u201d contra os trabalhadores. O fato era desconhecido pelas vin\u00edcolas.<\/p>\n\n\n\n<p>\u201cO contrato era de presta\u00e7\u00e3o de servi\u00e7o de descarregamento dos caminh\u00f5es e seguia todas as exig\u00eancias contidas na legisla\u00e7\u00e3o vigente\u201d, informou a Cooperativa Garibaldi. Conforme fontes ouvidas por&nbsp;<strong>Oeste<\/strong>, a vin\u00edcola contratou apenas 15 terceirizados da F\u00eanix nesta safra. A maior contratante era a Vin\u00edcola Aurora. \u201cO ocorrido merece total rep\u00fadio de todos que prezam pela dignidade humana\u201d, manifestaram as entidades e as vin\u00edcolas. \u201cA ocorr\u00eancia n\u00e3o representa as pr\u00e1ticas do setor.\u201d<\/p>\n\n\n\n<p>O leitor pode entender ainda mais sobre as den\u00fancias ao clicar neste&nbsp;<strong><a href=\"https:\/\/revistaoeste.com\/brasil\/vinicolas-gauchas-rechacam-denuncias-de-envolvimento-com-trabalho-escravo\/\">link<\/a><\/strong>.<\/p>\n","protected":false},"excerpt":{"rendered":"<p>O Movimento dos Trabalhadores Rurais Sem Terra (MST) vandalizou lojas de vinhos da Salton, em S\u00e3o Paulo, na tarde desta quarta-feira, 8. Apenas mulheres participaram da manifesta\u00e7\u00e3o, que ocorreu na Avenida Pacaembu, zona oeste da capital. O espa\u00e7o se tornou famoso pelo nome Enoteca Fam\u00edlia Salton. Os sem-terra jogaram tinta vermelha na fachada do pr\u00e9dio, [&hellip;]<\/p>\n","protected":false},"author":2,"featured_media":15018,"comment_status":"open","ping_status":"open","sticky":false,"template":"","format":"standard","meta":[],"categories":[10],"tags":[],"_links":{"self":[{"href":"https:\/\/dgospel.com.br\/portal\/index.php\/wp-json\/wp\/v2\/posts\/15017"}],"collection":[{"href":"https:\/\/dgospel.com.br\/portal\/index.php\/wp-json\/wp\/v2\/posts"}],"about":[{"href":"https:\/\/dgospel.com.br\/portal\/index.php\/wp-json\/wp\/v2\/types\/post"}],"author":[{"embeddable":true,"href":"https:\/\/dgospel.com.br\/portal\/index.php\/wp-json\/wp\/v2\/users\/2"}],"replies":[{"embeddable":true,"href":"https:\/\/dgospel.com.br\/portal\/index.php\/wp-json\/wp\/v2\/comments?post=15017"}],"version-history":[{"count":1,"href":"https:\/\/dgospel.com.br\/portal\/index.php\/wp-json\/wp\/v2\/posts\/15017\/revisions"}],"predecessor-version":[{"id":15019,"href":"https:\/\/dgospel.com.br\/portal\/index.php\/wp-json\/wp\/v2\/posts\/15017\/revisions\/15019"}],"wp:featuredmedia":[{"embeddable":true,"href":"https:\/\/dgospel.com.br\/portal\/index.php\/wp-json\/wp\/v2\/media\/15018"}],"wp:attachment":[{"href":"https:\/\/dgospel.com.br\/portal\/index.php\/wp-json\/wp\/v2\/media?parent=15017"}],"wp:term":[{"taxonomy":"category","embeddable":true,"href":"https:\/\/dgospel.com.br\/portal\/index.php\/wp-json\/wp\/v2\/categories?post=15017"},{"taxonomy":"post_tag","embeddable":true,"href":"https:\/\/dgospel.com.br\/portal\/index.php\/wp-json\/wp\/v2\/tags?post=15017"}],"curies":[{"name":"wp","href":"https:\/\/api.w.org\/{rel}","templated":true}]}}