{"id":15020,"date":"2023-03-08T21:23:57","date_gmt":"2023-03-09T00:23:57","guid":{"rendered":"http:\/\/dgospel.com.br\/portal\/?p=15020"},"modified":"2023-03-08T21:23:59","modified_gmt":"2023-03-09T00:23:59","slug":"ortega-acaba-de-vez-com-setor-privado-e-reforca-totalitarismo-na-nicaragua","status":"publish","type":"post","link":"https:\/\/dgospel.com.br\/portal\/index.php\/2023\/03\/08\/ortega-acaba-de-vez-com-setor-privado-e-reforca-totalitarismo-na-nicaragua\/","title":{"rendered":"Ortega acaba de vez com setor privado e refor\u00e7a totalitarismo na Nicar\u00e1gua"},"content":{"rendered":"\n<p><a href=\"https:\/\/pt.wikipedia.org\/wiki\/Nicar%C3%A1gua\" target=\"_blank\" rel=\"noreferrer noopener\"><strong>Daniel Ortega, ditador da Nicar\u00e1gua<\/strong><\/a>, acabou com o setor privado do pa\u00eds. Na ter\u00e7a-feira 7, o Conselho Superior da Empresa Privada (Cosep) junto com suas 18 C\u00e2maras Associadas foram dissolvidos, depois de 32 anos de atua\u00e7\u00e3o na regi\u00e3o.<\/p>\n\n\n\n<p>O setor privado da Nicar\u00e1gua se distanciou do governo de Ortega desde 2018, quando seus principais dirigentes repudiaram as viola\u00e7\u00f5es de direitos humanos cometidas por policiais e paramilitares. Os dirigentes foram presos. Os empres\u00e1rios foram exilados nos Estados Unidos, em fevereiro deste ano.<\/p>\n\n\n\n<p>A ex-presidente da C\u00e2mara Nacional de Turismo da Nicar\u00e1gua Lucy Valenti disse que a decis\u00e3o de Ortega faz parte do \u201cprocesso de radicaliza\u00e7\u00e3o e talibaniza\u00e7\u00e3o do regime. A ditadura se sente encurralada e toma medidas desesperadas\u201d.<\/p>\n\n\n\n<p>Em janeiro de 2022, o jornal&nbsp;<em>Divergentes<\/em>&nbsp;disse que o Cosep estava \u201cpronto para uma negocia\u00e7\u00e3o\u201d com o governo, para libertar tr\u00eas presos pol\u00edticos atuantes no sindicato patronal, o que acabou n\u00e3o acontecendo.<\/p>\n\n\n\n<p>A not\u00edcia do fim do Conselho preocupou empres\u00e1rios e investidores, que temem os confiscos que o cancelamento da personalidade jur\u00eddica das C\u00e2maras pode implicar, como aconteceu com o patrim\u00f4nio de mais de 3,2 mil ONGs desde 2018.<\/p>\n\n\n\n<p>Segundo o&nbsp;<em>El Pa\u00eds<\/em>, as contas banc\u00e1rias da Associa\u00e7\u00e3o Nicaraguense de Distribuidores de Ve\u00edculos Automotores (Andiva) j\u00e1 foram congeladas, enquanto outros empres\u00e1rios \u201ccorrem contra o tempo\u201d para resguardar im\u00f3veis e patrim\u00f4nios.<\/p>\n","protected":false},"excerpt":{"rendered":"<p>Daniel Ortega, ditador da Nicar\u00e1gua, acabou com o setor privado do pa\u00eds. Na ter\u00e7a-feira 7, o Conselho Superior da Empresa Privada (Cosep) junto com suas 18 C\u00e2maras Associadas foram dissolvidos, depois de 32 anos de atua\u00e7\u00e3o na regi\u00e3o. O setor privado da Nicar\u00e1gua se distanciou do governo de Ortega desde 2018, quando seus principais dirigentes [&hellip;]<\/p>\n","protected":false},"author":2,"featured_media":15021,"comment_status":"open","ping_status":"open","sticky":false,"template":"","format":"standard","meta":[],"categories":[16],"tags":[],"_links":{"self":[{"href":"https:\/\/dgospel.com.br\/portal\/index.php\/wp-json\/wp\/v2\/posts\/15020"}],"collection":[{"href":"https:\/\/dgospel.com.br\/portal\/index.php\/wp-json\/wp\/v2\/posts"}],"about":[{"href":"https:\/\/dgospel.com.br\/portal\/index.php\/wp-json\/wp\/v2\/types\/post"}],"author":[{"embeddable":true,"href":"https:\/\/dgospel.com.br\/portal\/index.php\/wp-json\/wp\/v2\/users\/2"}],"replies":[{"embeddable":true,"href":"https:\/\/dgospel.com.br\/portal\/index.php\/wp-json\/wp\/v2\/comments?post=15020"}],"version-history":[{"count":1,"href":"https:\/\/dgospel.com.br\/portal\/index.php\/wp-json\/wp\/v2\/posts\/15020\/revisions"}],"predecessor-version":[{"id":15022,"href":"https:\/\/dgospel.com.br\/portal\/index.php\/wp-json\/wp\/v2\/posts\/15020\/revisions\/15022"}],"wp:featuredmedia":[{"embeddable":true,"href":"https:\/\/dgospel.com.br\/portal\/index.php\/wp-json\/wp\/v2\/media\/15021"}],"wp:attachment":[{"href":"https:\/\/dgospel.com.br\/portal\/index.php\/wp-json\/wp\/v2\/media?parent=15020"}],"wp:term":[{"taxonomy":"category","embeddable":true,"href":"https:\/\/dgospel.com.br\/portal\/index.php\/wp-json\/wp\/v2\/categories?post=15020"},{"taxonomy":"post_tag","embeddable":true,"href":"https:\/\/dgospel.com.br\/portal\/index.php\/wp-json\/wp\/v2\/tags?post=15020"}],"curies":[{"name":"wp","href":"https:\/\/api.w.org\/{rel}","templated":true}]}}