{"id":1503,"date":"2018-10-04T10:00:19","date_gmt":"2018-10-04T13:00:19","guid":{"rendered":"http:\/\/dgospel.com.br\/portal\/?p=1503"},"modified":"2018-10-04T10:00:19","modified_gmt":"2018-10-04T13:00:19","slug":"justica-eleitoral-manda-retirar-propaganda-de-amastha-da-tv-por-ataque-inveridico-a-carlesse","status":"publish","type":"post","link":"https:\/\/dgospel.com.br\/portal\/index.php\/2018\/10\/04\/justica-eleitoral-manda-retirar-propaganda-de-amastha-da-tv-por-ataque-inveridico-a-carlesse\/","title":{"rendered":"Justi\u00e7a Eleitoral manda retirar propaganda de Amastha da TV por ataque inver\u00eddico a Carlesse"},"content":{"rendered":"<p class=\"yiv0497905333MsoNormalCxSpMiddle\">A Justi\u00e7a Eleitoral suspendeu mais uma vez nesta quarta-feira, 3, inser\u00e7\u00e3o da coliga\u00e7\u00e3o de Carlos Amastha (PSB) que faz ataques contra o Governador e candidato \u00e0 reelei\u00e7\u00e3o Mauro Carlesse (PHS). A Coliga\u00e7\u00e3o Governo de Atitude denunciou que o candidato pessebista divulgou v\u00eddeo com propaganda eleitoral em desrespeito \u00e0 legisla\u00e7\u00e3o corrente, com a finalidade exclusiva de denegrir a imagem de Carlesse, contendo fatos inver\u00eddicos.<\/p>\n<p class=\"yiv0497905333MsoNormalCxSpMiddle\">A inser\u00e7\u00e3o de Amastha se utiliza de imagens de mat\u00e9rias jornal\u00edsticas com a finalidade de vincular valores apreendidos em opera\u00e7\u00f5es policias ao candidato Mauro Carlesse. Ocorre que as mat\u00e9rias jornal\u00edsticas sobre os fatos propagados n\u00e3o vinculam a referida candidatura ao dinheiro apreendido e que os fatos s\u00e3o recentes e est\u00e3o sob investiga\u00e7\u00e3o da Pol\u00edcia Judici\u00e1ria. \u201cRessalto, ainda, que o candidato Olynto Neto [PSDB] n\u00e3o pertence \u00e0 coliga\u00e7\u00e3o dos representantes [Mauro Carlesse], sendo que seu partido comp\u00f5e a chapa advers\u00e1ria [Carlos Amastha] no pleito majorit\u00e1rio\u201d, disse o juiz auxiliar Jo\u00e3o Rigo Guimar\u00e3es, em sua decis\u00e3o.<\/p>\n<p class=\"yiv0497905333MsoNormalCxSpMiddle\">\u201cDesta forma, pelo menos em ju\u00edzo de cogni\u00e7\u00e3o sum\u00e1ria, vislumbro na propaganda impugnada a deturpa\u00e7\u00e3o de mat\u00e9rias jornal\u00edsticas, com a n\u00edtida finalidade de vincular a candidatura do representante [Mauro Carlesse] aos valores apreendidos\u201d, complementou o magistrado.<\/p>\n<p class=\"yiv0497905333MsoNormalCxSpMiddle\">Na decis\u00e3o, Jo\u00e3o Rigo Guimar\u00e3es concedeu tutela de urg\u00eancia para fins de suspender a veicula\u00e7\u00e3o da propaganda impugnada no hor\u00e1rio eleitoral gratuito, bem como nas redes sociais dos representados, sob pena de multa de R$ 10.000,00, por eventual descumprimento do comando judicial.<\/p>\n<p class=\"yiv0497905333MsoNormalCxSpMiddle\"><b>Manipula\u00e7\u00e3o de dados de pesquisa<\/b><\/p>\n<p class=\"yiv0497905333MsoNormalCxSpMiddle\">Tamb\u00e9m nesta quarta-feira, a Justi\u00e7a Eleitoral suspendeu propaganda eleitoral na qual o candidato Carlos Amastha desrespeitou a legisla\u00e7\u00e3o eleitoral ao utilizar dados extra\u00eddos de pesquisas eleitorais, omitindo dados obrigat\u00f3rios e de forma a induzir o eleitor a erro.<\/p>\n<p class=\"yiv0497905333MsoNormalCxSpMiddle\">Na pr\u00e1tica, a propaganda de Amastha omitiu o desempenho dos demais candidatos, al\u00e9m de utilizar de montagem e manipula\u00e7\u00e3o de dados, em ofensa ao que determina o Tribunal Superior Eleitoral (TSE).<\/p>\n<p class=\"yiv0497905333MsoNormalCxSpMiddle\">Desde o in\u00edcio das elei\u00e7\u00f5es, a campanha de Mauro Carlesse vem sofrendo diversos ataques desesperados de seus advers\u00e1rios. Durante a campanha, o Governador utilizou o seu tempo na TV e no r\u00e1dio para disseminar suas propostas e ideias para desenvolver o Tocantins e melhorar a qualidade de vida da popula\u00e7\u00e3o.<\/p>\n","protected":false},"excerpt":{"rendered":"<p>A Justi\u00e7a Eleitoral suspendeu mais uma vez nesta quarta-feira, 3, inser\u00e7\u00e3o da coliga\u00e7\u00e3o de Carlos Amastha (PSB) que faz ataques contra o Governador e candidato \u00e0 reelei\u00e7\u00e3o Mauro Carlesse (PHS). A Coliga\u00e7\u00e3o Governo de Atitude denunciou que o candidato pessebista divulgou v\u00eddeo com propaganda eleitoral em desrespeito \u00e0 legisla\u00e7\u00e3o corrente, com a finalidade exclusiva de [&hellip;]<\/p>\n","protected":false},"author":2,"featured_media":1364,"comment_status":"open","ping_status":"open","sticky":false,"template":"","format":"standard","meta":[],"categories":[2,4],"tags":[],"_links":{"self":[{"href":"https:\/\/dgospel.com.br\/portal\/index.php\/wp-json\/wp\/v2\/posts\/1503"}],"collection":[{"href":"https:\/\/dgospel.com.br\/portal\/index.php\/wp-json\/wp\/v2\/posts"}],"about":[{"href":"https:\/\/dgospel.com.br\/portal\/index.php\/wp-json\/wp\/v2\/types\/post"}],"author":[{"embeddable":true,"href":"https:\/\/dgospel.com.br\/portal\/index.php\/wp-json\/wp\/v2\/users\/2"}],"replies":[{"embeddable":true,"href":"https:\/\/dgospel.com.br\/portal\/index.php\/wp-json\/wp\/v2\/comments?post=1503"}],"version-history":[{"count":1,"href":"https:\/\/dgospel.com.br\/portal\/index.php\/wp-json\/wp\/v2\/posts\/1503\/revisions"}],"predecessor-version":[{"id":1504,"href":"https:\/\/dgospel.com.br\/portal\/index.php\/wp-json\/wp\/v2\/posts\/1503\/revisions\/1504"}],"wp:featuredmedia":[{"embeddable":true,"href":"https:\/\/dgospel.com.br\/portal\/index.php\/wp-json\/wp\/v2\/media\/1364"}],"wp:attachment":[{"href":"https:\/\/dgospel.com.br\/portal\/index.php\/wp-json\/wp\/v2\/media?parent=1503"}],"wp:term":[{"taxonomy":"category","embeddable":true,"href":"https:\/\/dgospel.com.br\/portal\/index.php\/wp-json\/wp\/v2\/categories?post=1503"},{"taxonomy":"post_tag","embeddable":true,"href":"https:\/\/dgospel.com.br\/portal\/index.php\/wp-json\/wp\/v2\/tags?post=1503"}],"curies":[{"name":"wp","href":"https:\/\/api.w.org\/{rel}","templated":true}]}}