{"id":15032,"date":"2023-03-08T22:14:15","date_gmt":"2023-03-09T01:14:15","guid":{"rendered":"http:\/\/dgospel.com.br\/portal\/?p=15032"},"modified":"2023-03-08T22:16:18","modified_gmt":"2023-03-09T01:16:18","slug":"mts-invade-sede-do-instituto-de-terras-do-para","status":"publish","type":"post","link":"https:\/\/dgospel.com.br\/portal\/index.php\/2023\/03\/08\/mts-invade-sede-do-instituto-de-terras-do-para\/","title":{"rendered":"MST invade sede do Instituto de Terras do Par\u00e1"},"content":{"rendered":"\n<p>Militantes do Movimento dos Trabalhadores Rurais sem Terra (MST) ocuparam a sede do Instituto de Terras do Par\u00e1 (Iterpa) em Bel\u00e9m nesta ter\u00e7a-feira (7), em uma a\u00e7\u00e3o de luta pela reforma agr\u00e1ria e direitos territoriais. O \u00f3rg\u00e3o \u00e9 respons\u00e1vel pela regulariza\u00e7\u00e3o fundi\u00e1ria e titula\u00e7\u00e3o de terras no estado.<\/p>\n\n\n\n<p>Os manifestantes buscavam tratar de decis\u00f5es judiciais sobre processos de reintegra\u00e7\u00e3o de posse e pol\u00edticas de reforma agr\u00e1ria. O Iterpa confirmou a presen\u00e7a dos manifestantes no pr\u00e9dio e que o local foi liberado no in\u00edcio da tarde. As mulheres Sem Terra de diversos munic\u00edpios do Par\u00e1 participaram da a\u00e7\u00e3o, conforme relatado pelo MST em publica\u00e7\u00e3o nas redes sociais.<\/p>\n\n\n\n<p>\u201cO Instituto de Terras do Par\u00e1 esclarece que recebeu representantes do Movimento Sem Terra, na manh\u00e3 de ter\u00e7a-feira (7), para tratar sobre pedidos de regulariza\u00e7\u00e3o fundi\u00e1ria em \u00e1reas que aguardam decis\u00f5es judiciais em a\u00e7\u00f5es de reintegra\u00e7\u00e3o de posse, que est\u00e3o em tramita\u00e7\u00e3o no Poder Judici\u00e1rio, al\u00e9m da implementa\u00e7\u00e3o de pol\u00edticas de reforma agr\u00e1ria. Os representantes deixaram o pr\u00e9dio do Iterpa no in\u00edcio da tarde\u201d, relatou o \u00f3rg\u00e3o.<\/p>\n","protected":false},"excerpt":{"rendered":"<p>Militantes do Movimento dos Trabalhadores Rurais sem Terra (MST) ocuparam a sede do Instituto de Terras do Par\u00e1 (Iterpa) em Bel\u00e9m nesta ter\u00e7a-feira (7), em uma a\u00e7\u00e3o de luta pela reforma agr\u00e1ria e direitos territoriais. O \u00f3rg\u00e3o \u00e9 respons\u00e1vel pela regulariza\u00e7\u00e3o fundi\u00e1ria e titula\u00e7\u00e3o de terras no estado. Os manifestantes buscavam tratar de decis\u00f5es judiciais [&hellip;]<\/p>\n","protected":false},"author":2,"featured_media":15033,"comment_status":"open","ping_status":"open","sticky":false,"template":"","format":"standard","meta":[],"categories":[10],"tags":[],"_links":{"self":[{"href":"https:\/\/dgospel.com.br\/portal\/index.php\/wp-json\/wp\/v2\/posts\/15032"}],"collection":[{"href":"https:\/\/dgospel.com.br\/portal\/index.php\/wp-json\/wp\/v2\/posts"}],"about":[{"href":"https:\/\/dgospel.com.br\/portal\/index.php\/wp-json\/wp\/v2\/types\/post"}],"author":[{"embeddable":true,"href":"https:\/\/dgospel.com.br\/portal\/index.php\/wp-json\/wp\/v2\/users\/2"}],"replies":[{"embeddable":true,"href":"https:\/\/dgospel.com.br\/portal\/index.php\/wp-json\/wp\/v2\/comments?post=15032"}],"version-history":[{"count":2,"href":"https:\/\/dgospel.com.br\/portal\/index.php\/wp-json\/wp\/v2\/posts\/15032\/revisions"}],"predecessor-version":[{"id":15035,"href":"https:\/\/dgospel.com.br\/portal\/index.php\/wp-json\/wp\/v2\/posts\/15032\/revisions\/15035"}],"wp:featuredmedia":[{"embeddable":true,"href":"https:\/\/dgospel.com.br\/portal\/index.php\/wp-json\/wp\/v2\/media\/15033"}],"wp:attachment":[{"href":"https:\/\/dgospel.com.br\/portal\/index.php\/wp-json\/wp\/v2\/media?parent=15032"}],"wp:term":[{"taxonomy":"category","embeddable":true,"href":"https:\/\/dgospel.com.br\/portal\/index.php\/wp-json\/wp\/v2\/categories?post=15032"},{"taxonomy":"post_tag","embeddable":true,"href":"https:\/\/dgospel.com.br\/portal\/index.php\/wp-json\/wp\/v2\/tags?post=15032"}],"curies":[{"name":"wp","href":"https:\/\/api.w.org\/{rel}","templated":true}]}}