{"id":15036,"date":"2023-03-08T22:20:17","date_gmt":"2023-03-09T01:20:17","guid":{"rendered":"http:\/\/dgospel.com.br\/portal\/?p=15036"},"modified":"2023-03-08T22:20:18","modified_gmt":"2023-03-09T01:20:18","slug":"brasil-tem-queda-de-11-pontos-no-indicador-de-clima-economico-ice-no-primeiro-trimestre-de-2023","status":"publish","type":"post","link":"https:\/\/dgospel.com.br\/portal\/index.php\/2023\/03\/08\/brasil-tem-queda-de-11-pontos-no-indicador-de-clima-economico-ice-no-primeiro-trimestre-de-2023\/","title":{"rendered":"Brasil tem queda de 11 pontos no Indicador de Clima Econ\u00f4mico (ICE) no primeiro trimestre de 2023"},"content":{"rendered":"\n<p>O Instituto Brasileiro de Economia da Funda\u00e7\u00e3o Getulio Vargas (Ibre\/FGV) divulgou nesta quarta-feira (8) a Sondagem Econ\u00f4mica da Am\u00e9rica Latina, que aponta uma queda de 11 pontos no Indicador de Clima Econ\u00f4mico (ICE) do Brasil no primeiro trimestre de 2023, chegando a 73,5 pontos. O Indicador da Situa\u00e7\u00e3o Atual (ISA) teve uma queda de 21,7 pontos, alcan\u00e7ando 70,6 pontos, enquanto o Indicador de Expectativas (IE) caiu 0,4 ponto, chegando a 76,5 pontos.<\/p>\n\n\n\n<p>De acordo com a pesquisa, o Brasil est\u00e1 no grupo de pa\u00edses pesquisados que registrou queda nos tr\u00eas indicadores no 1\u00ba trimestre de 2023, sendo descrito pela pesquisa como um cen\u00e1rio de estabilidade nas expectativas e de uma piora acentuada (acima de 20 pontos) na avalia\u00e7\u00e3o da situa\u00e7\u00e3o atual.<\/p>\n\n\n\n<p>A queda verificada no Brasil tamb\u00e9m ocorreu na Col\u00f4mbia, Uruguai e Bol\u00edvia. Entretanto, h\u00e1 diferen\u00e7as entre eles, sendo que no Brasil e na Bol\u00edvia, os tr\u00eas indicadores est\u00e3o na zona desfavor\u00e1vel, enquanto Uruguai e Col\u00f4mbia, embora tenham redu\u00e7\u00e3o no ICE e no IE, apresentam avalia\u00e7\u00e3o da situa\u00e7\u00e3o atual favor\u00e1vel.<\/p>\n\n\n\n<p>O Paraguai puxa a melhora do clima econ\u00f4mico da regi\u00e3o, com um crescimento de 47,6 pontos no ICE entre o 4\u00ba trimestre de 2022 e o 1\u00ba trimestre de 2023, resultado do aumento de 83,3 pontos no ISA e de 3,6 pontos no IE. O Peru tamb\u00e9m teve destaque na pesquisa, mostrando um grau de resili\u00eancia positiva em termos pol\u00edticos, mesmo com as turbul\u00eancias decorrentes do impeachment do presidente Pedro Castillo.<\/p>\n\n\n\n<p>A Sondagem Econ\u00f4mica mostrou que o ICE na Am\u00e9rica Latina avan\u00e7ou 6,9 pontos entre o 4\u00ba trimestre de 2022 e o 1\u00ba trimestre de 2023, com destaque para seis dos dez principais pa\u00edses pesquisados. Apesar de se manter baixo em termos hist\u00f3ricos, o indicador registrou o maior n\u00edvel desde o 4\u00ba trimestre de 2021, ao atingir 73,4 pontos.<\/p>\n\n\n\n<p>Quanto \u00e0s proje\u00e7\u00f5es do Produto Interno Bruto (PIB) em 2023, houve mudan\u00e7as nas previs\u00f5es dos especialistas. A maior taxa de crescimento na regi\u00e3o ficou com o Paraguai, onde a proje\u00e7\u00e3o do PIB passou de 3,9% para 4,6%. No M\u00e9xico, a varia\u00e7\u00e3o do PIB aumentou de 1,4% para 1,7% e na Argentina, de 1,1% para 1,2%. Entretanto, em todos os outros pa\u00edses, a nova previs\u00e3o reduziu a taxa de crescimento, com maior diferen\u00e7a para o Chile, que passou de uma queda esperada de 0,7% para 1,8%.<\/p>\n","protected":false},"excerpt":{"rendered":"<p>O Instituto Brasileiro de Economia da Funda\u00e7\u00e3o Getulio Vargas (Ibre\/FGV) divulgou nesta quarta-feira (8) a Sondagem Econ\u00f4mica da Am\u00e9rica Latina, que aponta uma queda de 11 pontos no Indicador de Clima Econ\u00f4mico (ICE) do Brasil no primeiro trimestre de 2023, chegando a 73,5 pontos. O Indicador da Situa\u00e7\u00e3o Atual (ISA) teve uma queda de 21,7 [&hellip;]<\/p>\n","protected":false},"author":2,"featured_media":15037,"comment_status":"open","ping_status":"open","sticky":false,"template":"","format":"standard","meta":[],"categories":[4],"tags":[13],"_links":{"self":[{"href":"https:\/\/dgospel.com.br\/portal\/index.php\/wp-json\/wp\/v2\/posts\/15036"}],"collection":[{"href":"https:\/\/dgospel.com.br\/portal\/index.php\/wp-json\/wp\/v2\/posts"}],"about":[{"href":"https:\/\/dgospel.com.br\/portal\/index.php\/wp-json\/wp\/v2\/types\/post"}],"author":[{"embeddable":true,"href":"https:\/\/dgospel.com.br\/portal\/index.php\/wp-json\/wp\/v2\/users\/2"}],"replies":[{"embeddable":true,"href":"https:\/\/dgospel.com.br\/portal\/index.php\/wp-json\/wp\/v2\/comments?post=15036"}],"version-history":[{"count":1,"href":"https:\/\/dgospel.com.br\/portal\/index.php\/wp-json\/wp\/v2\/posts\/15036\/revisions"}],"predecessor-version":[{"id":15038,"href":"https:\/\/dgospel.com.br\/portal\/index.php\/wp-json\/wp\/v2\/posts\/15036\/revisions\/15038"}],"wp:featuredmedia":[{"embeddable":true,"href":"https:\/\/dgospel.com.br\/portal\/index.php\/wp-json\/wp\/v2\/media\/15037"}],"wp:attachment":[{"href":"https:\/\/dgospel.com.br\/portal\/index.php\/wp-json\/wp\/v2\/media?parent=15036"}],"wp:term":[{"taxonomy":"category","embeddable":true,"href":"https:\/\/dgospel.com.br\/portal\/index.php\/wp-json\/wp\/v2\/categories?post=15036"},{"taxonomy":"post_tag","embeddable":true,"href":"https:\/\/dgospel.com.br\/portal\/index.php\/wp-json\/wp\/v2\/tags?post=15036"}],"curies":[{"name":"wp","href":"https:\/\/api.w.org\/{rel}","templated":true}]}}