{"id":15039,"date":"2023-03-08T22:29:15","date_gmt":"2023-03-09T01:29:15","guid":{"rendered":"http:\/\/dgospel.com.br\/portal\/?p=15039"},"modified":"2023-03-08T23:51:29","modified_gmt":"2023-03-09T02:51:29","slug":"dia-internacional-da-mulher-missionaria-cassia-aparecida-e-homenageada-na-camara-municipal-de-palmas-em-sessao-solene","status":"publish","type":"post","link":"https:\/\/dgospel.com.br\/portal\/index.php\/2023\/03\/08\/dia-internacional-da-mulher-missionaria-cassia-aparecida-e-homenageada-na-camara-municipal-de-palmas-em-sessao-solene\/","title":{"rendered":"Dia Internacional da Mulher: Mission\u00e1ria Cassia Aparecida \u00e9 homenageada na C\u00e2mara Municipal de Palmas em Sess\u00e3o Solene"},"content":{"rendered":"\n<p>A C\u00e2mara Municipal de Palmas realizou na manh\u00e3 desta quarta-feira, 8, Sess\u00e3o Solene em homenagem ao Dia Internacional da Mulher. Cada parlamentar p\u00f4de indicar uma mulher para ser homenageada com a entrega de um certificado de reconhecimento da importante representatividade na comunidade. Na ocasi\u00e3o as servidoras da Casa tamb\u00e9m foram homenageadas com um caf\u00e9 da manh\u00e3 e sorteio de brindes.<\/p>\n\n\n\n<p>Na oportunidade o vereador Rubens Uch\u00f4a homenageou a mission\u00e1ria Cassia Aparecida Rodrigues. Durante a solenidade em plen\u00e1rio, O vereador Uch\u00f4a falou sobre a import\u00e2ncia da mulher para a fam\u00edlia e para a sociedade.<\/p>\n\n\n\n<p>\u201cQuando Deus criou todas as coisas, viu que o homem estava incompleto, e foi a\u00ed que Deus formou a mulher da costela do homem, e unindo a mulher ao homem para complet\u00e1-lo. O homem tinha jardim, mas era incompleto. Entendemos o quanto a mulher e importante para a fam\u00edlia que \u00e9 a base da sociedade\u201d, discursou.<\/p>\n\n\n\n<p>Rubens Uch\u00f4a parabenizou a sua homenageada e disse reconhecer o brilhante trabalha que a mesma realiza na comunidade. \u201cQuero com muita alegria parabenizar a pastora Cassia, que deixou seus projetos, sua carreira profissional para atender ao chamado do Senhor para cuidar de pessoas, e isso \u00e9 muito importante\u201d, disse.<\/p>\n\n\n\n<p><strong>Homenageada<\/strong><\/p>\n\n\n\n<p>Mission\u00e1ria Cassia Aparecida Rodrigues, \u00e9 filha do evangelista Jos\u00e9 Bento (In memoriam) e Maria Aparecida, pioneiros em Palmas, um dos fundadores da Assembleia de Deus Minist\u00e9rio de Madureira na regi\u00e3o sul da capital, \u00e9 esposa do pastor Josivan Gomes, presidente da Assembleia de Deus CIADSETA, no Aureny IV, m\u00e3e da pequena Sara Hadassa, \u00e9 turism\u00f3loga e acad\u00eamica de psicologia, \u00e9 l\u00edder do departamento de mulheres do campo Aureny IV, e \u00e9 um exemplo de f\u00e9 e determina\u00e7\u00e3o.<\/p>\n\n\n\n<p><\/p>\n\n\n\n<p>.<\/p>\n","protected":false},"excerpt":{"rendered":"<p>A C\u00e2mara Municipal de Palmas realizou na manh\u00e3 desta quarta-feira, 8, Sess\u00e3o Solene em homenagem ao Dia Internacional da Mulher. Cada parlamentar p\u00f4de indicar uma mulher para ser homenageada com a entrega de um certificado de reconhecimento da importante representatividade na comunidade. Na ocasi\u00e3o as servidoras da Casa tamb\u00e9m foram homenageadas com um caf\u00e9 da [&hellip;]<\/p>\n","protected":false},"author":2,"featured_media":15043,"comment_status":"open","ping_status":"open","sticky":false,"template":"","format":"standard","meta":[],"categories":[8],"tags":[13],"_links":{"self":[{"href":"https:\/\/dgospel.com.br\/portal\/index.php\/wp-json\/wp\/v2\/posts\/15039"}],"collection":[{"href":"https:\/\/dgospel.com.br\/portal\/index.php\/wp-json\/wp\/v2\/posts"}],"about":[{"href":"https:\/\/dgospel.com.br\/portal\/index.php\/wp-json\/wp\/v2\/types\/post"}],"author":[{"embeddable":true,"href":"https:\/\/dgospel.com.br\/portal\/index.php\/wp-json\/wp\/v2\/users\/2"}],"replies":[{"embeddable":true,"href":"https:\/\/dgospel.com.br\/portal\/index.php\/wp-json\/wp\/v2\/comments?post=15039"}],"version-history":[{"count":2,"href":"https:\/\/dgospel.com.br\/portal\/index.php\/wp-json\/wp\/v2\/posts\/15039\/revisions"}],"predecessor-version":[{"id":15044,"href":"https:\/\/dgospel.com.br\/portal\/index.php\/wp-json\/wp\/v2\/posts\/15039\/revisions\/15044"}],"wp:featuredmedia":[{"embeddable":true,"href":"https:\/\/dgospel.com.br\/portal\/index.php\/wp-json\/wp\/v2\/media\/15043"}],"wp:attachment":[{"href":"https:\/\/dgospel.com.br\/portal\/index.php\/wp-json\/wp\/v2\/media?parent=15039"}],"wp:term":[{"taxonomy":"category","embeddable":true,"href":"https:\/\/dgospel.com.br\/portal\/index.php\/wp-json\/wp\/v2\/categories?post=15039"},{"taxonomy":"post_tag","embeddable":true,"href":"https:\/\/dgospel.com.br\/portal\/index.php\/wp-json\/wp\/v2\/tags?post=15039"}],"curies":[{"name":"wp","href":"https:\/\/api.w.org\/{rel}","templated":true}]}}