{"id":15045,"date":"2023-03-09T20:12:13","date_gmt":"2023-03-09T23:12:13","guid":{"rendered":"http:\/\/dgospel.com.br\/portal\/?p=15045"},"modified":"2023-03-09T20:12:14","modified_gmt":"2023-03-09T23:12:14","slug":"leo-barbosa-visita-cer-de-colinas-e-busca-a-implantacao-de-unidade-de-atendimento-em-guarai","status":"publish","type":"post","link":"https:\/\/dgospel.com.br\/portal\/index.php\/2023\/03\/09\/leo-barbosa-visita-cer-de-colinas-e-busca-a-implantacao-de-unidade-de-atendimento-em-guarai\/","title":{"rendered":"L\u00e9o Barbosa visita CER de Colinas e busca a implanta\u00e7\u00e3o de unidade de atendimento em Guara\u00ed"},"content":{"rendered":"\n<p>O deputado estadual L\u00e9o Barbosa (Republicanos), esteve nesta quarta-feira, 08, em Colinas do Tocantins para conhecer a estrutura e o trabalho desenvolvido pelo Centro Especializado de Reabilita\u00e7\u00e3o II (CER II) juntamente com a APAE , e para debater pol\u00edticas p\u00fablicas voltadas \u00e0 pessoas com defici\u00eancias nos munic\u00edpios de Colinas, Guara\u00ed e regi\u00e3o.<\/p>\n\n\n\n<p>Na ocasi\u00e3o, Barbosa ressaltou que buscar\u00e1 a implanta\u00e7\u00e3o de uma unidade do CER e de um N\u00facleo de Atendimento para Autistas em Guara\u00ed. Para isso, o parlamentar disse que articular\u00e1 parcerias entre o Governo estadual, por interm\u00e9dio da Superintend\u00eancia da Rede de Cuidados \u00e0 Pessoa com Defici\u00eancia; Governo Federal, por interm\u00e9dio da senadora Professora Dorinha (Uni\u00e3o) e do Minist\u00e9rio da Sa\u00fade; e dos munic\u00edpios, em parceria com as prefeituras.<\/p>\n\n\n\n<p>\u201cA gente fica muito feliz com o trabalho que vem sendo desenvolvido em prol das pessoas com defici\u00eancia aqui, mas ao mesmo tempo nos chama a aten\u00e7\u00e3o o tamanho da demanda. Por isso, vamos unir esfor\u00e7os, fazer reuni\u00f5es e nos empenharmos para levar o CER para Guara\u00ed e outras regi\u00f5es do estado tamb\u00e9m. N\u00f3s sabemos que Guara\u00ed \u00e9 um munic\u00edpio importante, com capacidade de ter projetos dessa natureza e tamb\u00e9m de absorver a demanda de munic\u00edpios como Pedro Afonso, Recursol\u00e2ndia e Colmeia\u201d, disse L\u00e9o.<\/p>\n\n\n\n<p>L\u00e9o tamb\u00e9m refor\u00e7ou o compromisso de continuar lutando pela causa. \u201cA pauta da pessoa com defici\u00eancia vai ser uma t\u00f4nica do nosso mandato, da Secretaria da Sa\u00fade e da Educa\u00e7\u00e3o do Governo do Estado. Quero refor\u00e7ar o meu compromisso com a pessoa com defici\u00eancia e com os nossos CERs. Que n\u00f3s possamos multiplicar esses postos de atendimentos para fortalecer a rede de aten\u00e7\u00e3o especializada\u201d, destacou L\u00e9o.<\/p>\n\n\n\n<p>Durante a visita estiveram presentes o prefeito de Colinas Jos\u00e9 Carlos Casarin, a prefeita de Guara\u00ed F\u00e1tima Coelho, a superintendente da Rede de Cuidados \u00e0 Pessoa com Defici\u00eancia Rosa Helena Ambr\u00f3sio, o diretor t\u00e9cnico do CER em Colinas Luiz Vieira, o secret\u00e1rio da sa\u00fade de Guara\u00ed Wellington Sousa e do vereador Miqueias de Guara\u00ed.<\/p>\n\n\n\n<p><strong>CER II<\/strong><\/p>\n\n\n\n<p>Em Colinas, a unidade do CER \u00e9 vinculada a Associa\u00e7\u00e3o dos Pais e Amigos dos Excepcionais (APAE), habilitada junto ao Minist\u00e9rio da Sa\u00fade, e realiza mais de setecentos atendimentos mensais \u00e0 pessoas com defici\u00eancia auditiva e intelectual, sendo que nesta \u00faltima modalidade incluem-se pessoas do Espectro Autista.<\/p>\n\n\n\n<p>Os servi\u00e7os ofertados s\u00e3o realizados pela equipe multidisciplinar composta por profissionais de Fisioterapia, Fonoaudiologia, Psicologia, Terapia Ocupacional, Otorrinolaringologia, Psiquiatria, Musicoterapia, Servi\u00e7o Social e Nutri\u00e7\u00e3o. Os atendimentos englobam avalia\u00e7\u00e3o e diagn\u00f3stico, acompanhamento e a concess\u00e3o de pr\u00f3teses auditivas.<\/p>\n","protected":false},"excerpt":{"rendered":"<p>O deputado estadual L\u00e9o Barbosa (Republicanos), esteve nesta quarta-feira, 08, em Colinas do Tocantins para conhecer a estrutura e o trabalho desenvolvido pelo Centro Especializado de Reabilita\u00e7\u00e3o II (CER II) juntamente com a APAE , e para debater pol\u00edticas p\u00fablicas voltadas \u00e0 pessoas com defici\u00eancias nos munic\u00edpios de Colinas, Guara\u00ed e regi\u00e3o. Na ocasi\u00e3o, Barbosa [&hellip;]<\/p>\n","protected":false},"author":2,"featured_media":15046,"comment_status":"open","ping_status":"open","sticky":false,"template":"","format":"standard","meta":[],"categories":[8],"tags":[13],"_links":{"self":[{"href":"https:\/\/dgospel.com.br\/portal\/index.php\/wp-json\/wp\/v2\/posts\/15045"}],"collection":[{"href":"https:\/\/dgospel.com.br\/portal\/index.php\/wp-json\/wp\/v2\/posts"}],"about":[{"href":"https:\/\/dgospel.com.br\/portal\/index.php\/wp-json\/wp\/v2\/types\/post"}],"author":[{"embeddable":true,"href":"https:\/\/dgospel.com.br\/portal\/index.php\/wp-json\/wp\/v2\/users\/2"}],"replies":[{"embeddable":true,"href":"https:\/\/dgospel.com.br\/portal\/index.php\/wp-json\/wp\/v2\/comments?post=15045"}],"version-history":[{"count":1,"href":"https:\/\/dgospel.com.br\/portal\/index.php\/wp-json\/wp\/v2\/posts\/15045\/revisions"}],"predecessor-version":[{"id":15047,"href":"https:\/\/dgospel.com.br\/portal\/index.php\/wp-json\/wp\/v2\/posts\/15045\/revisions\/15047"}],"wp:featuredmedia":[{"embeddable":true,"href":"https:\/\/dgospel.com.br\/portal\/index.php\/wp-json\/wp\/v2\/media\/15046"}],"wp:attachment":[{"href":"https:\/\/dgospel.com.br\/portal\/index.php\/wp-json\/wp\/v2\/media?parent=15045"}],"wp:term":[{"taxonomy":"category","embeddable":true,"href":"https:\/\/dgospel.com.br\/portal\/index.php\/wp-json\/wp\/v2\/categories?post=15045"},{"taxonomy":"post_tag","embeddable":true,"href":"https:\/\/dgospel.com.br\/portal\/index.php\/wp-json\/wp\/v2\/tags?post=15045"}],"curies":[{"name":"wp","href":"https:\/\/api.w.org\/{rel}","templated":true}]}}