{"id":15048,"date":"2023-03-09T20:27:53","date_gmt":"2023-03-09T23:27:53","guid":{"rendered":"http:\/\/dgospel.com.br\/portal\/?p=15048"},"modified":"2023-03-09T20:27:53","modified_gmt":"2023-03-09T23:27:53","slug":"lula-oferece-cargos-de-2o-escalao-para-barrar-cpi-sobre-8-1","status":"publish","type":"post","link":"https:\/\/dgospel.com.br\/portal\/index.php\/2023\/03\/09\/lula-oferece-cargos-de-2o-escalao-para-barrar-cpi-sobre-8-1\/","title":{"rendered":"Lula oferece cargos de 2\u00ba escal\u00e3o para barrar CPI sobre 8\/1"},"content":{"rendered":"\n<p>O Pal\u00e1cio do Planalto deflagrou uma opera\u00e7\u00e3o para convencer deputados e senadores a retirar assinaturas do requerimento que pede a abertura da Comiss\u00e3o Parlamentar Mista de Inqu\u00e9rito (CPMI) sobre os atos de 8 de janeiro. A ofensiva inclui oferta de nomea\u00e7\u00f5es para cargos de segundo escal\u00e3o nos estados, como diretorias do Banco do Nordeste (BNB), al\u00e9m de superintend\u00eancias da Companhia de Desenvolvimento dos Vales do S\u00e3o Francisco e do Parna\u00edba (Codevasf) e do Departamento Nacional de Obras Contra as Secas (Dnocs).<\/p>\n\n\n\n<p>O governo tamb\u00e9m pressiona ministros de partidos aliados, principalmente do Uni\u00e3o Brasil, a ajudar na miss\u00e3o \u201cabafa CPI\u201d. H\u00e1 tr\u00eas dias, quando o presidente Luiz In\u00e1cio Lula da Silva decidiu manter o ministro das Comunica\u00e7\u00f5es, Juscelino Filho, apesar das acusa\u00e7\u00f5es contra ele, avisou que exigiria apoio no Congresso.<\/p>\n\n\n\n<p>Na avalia\u00e7\u00e3o do Planalto, criar uma comiss\u00e3o parlamentar agora atrapalharia vota\u00e7\u00f5es importantes, como a da nova \u00e2ncora fiscal e a da reforma tribut\u00e1ria.<\/p>\n\n\n\n<p>\u2013 CPIs que s\u00e3o mobilizadas por quem passou pano nos atos terroristas n\u00e3o s\u00e3o os melhores instrumentos para fazer apura\u00e7\u00e3o \u2013 disse o ministro das Rela\u00e7\u00f5es Institucionais, Alexandre Padilha.<\/p>\n\n\n\n<p>E acrescentou:<\/p>\n\n\n\n<p>\u2013 N\u00f3s estamos indo atr\u00e1s de quem financiou a tentativa de golpe de Estado.<\/p>\n\n\n\n<p>Autor do pedido de investiga\u00e7\u00e3o dos atos de 8 de janeiro, o deputado Andr\u00e9 Fernandes (PL-CE) afirmou que tr\u00eas colegas \u2013 Chiquinho Braz\u00e3o (Uni\u00e3o Brasil-RJ), C\u00e9lio Silveira (MDB-GO) e Pastor Gil (PL-MA) \u2013 retiraram as assinaturas do requerimento.<\/p>\n\n\n\n<p>\u2013 Eles est\u00e3o retirando, mas a gente est\u00e1 colocando mais \u2013 minimizou.<\/p>\n\n\n\n<p>Fernandes disse que cinco deputados \u2013 Milton Vieira (Republicanos-SP), Luiz Nishimori (PSD-PR), Junior Louren\u00e7o (PL-MA), Celso Russomanno (Republicanos-SP) e Luciano Vieira (PL-RJ) \u2013 aderiram ao movimento. Atualmente, o requerimento tem o apoio de 191 deputados e 35 senadores.<\/p>\n\n\n\n<p>Na sess\u00e3o desta quarta-feira (8), na C\u00e2mara, Fernandes reproduziu um \u00e1udio antigo de Lula defendendo CPIs. As discuss\u00f5es foram acaloradas. A presidente do PT, deputada Gleisi Hoffmann (PR), protestou e houve bate-boca. Miguel \u00c2ngelo (PT-PR) afirmou ter sido agredido pelo colega Jos\u00e9 Medeiros (PL-MT).<\/p>\n\n\n\n<p>\u2013 Ele me empurrou e pisou no meu p\u00e9 \u2013 disse \u00c2ngelo.<\/p>\n\n\n\n<p>O colega se desculpou.<\/p>\n\n\n\n<p>\u2013 N\u00f3s est\u00e1vamos pr\u00f3ximos. Se pisei, pe\u00e7o desculpas \u2013 afirmou Medeiros.<\/p>\n\n\n\n<p>Apoiador do ex-presidente Jair Bolsonaro, o autor do requerimento da CPMI est\u00e1 na mira da Procuradoria-Geral da Rep\u00fablica (PGR), que pediu ao Supremo Tribunal Federal (STF) a abertura de inqu\u00e9rito para investigar sua participa\u00e7\u00e3o em convoca\u00e7\u00f5es para invadir a Corte, o Planalto e o Congresso Nacional.<\/p>\n\n\n\n<p><strong>FATURA<\/strong><br>Lula deixou a distribui\u00e7\u00e3o dos cargos de segundo escal\u00e3o para mar\u00e7o e abril justamente para avaliar o tamanho de cada for\u00e7a pol\u00edtica no Congresso. No m\u00eas passado, por exemplo, o governo entrou em campo para ajudar a reeleger o presidente do Senado, Rodrigo Pacheco (PSD-MG), na disputa contra o bolsonarista Rog\u00e9rio Marinho (PL-RN).<\/p>\n\n\n\n<p>Agora, age para que deputados e senadores retirem assinaturas da CPMI, acompanha quem dar\u00e1 as cartas nas comiss\u00f5es da C\u00e2mara e do Senado e monitora o painel de vota\u00e7\u00f5es.<\/p>\n\n\n\n<p>A fatura, por\u00e9m, \u00e9 cada vez mais cobrada por partidos que, mesmo tendo minist\u00e9rios, prometem independ\u00eancia na rela\u00e7\u00e3o com o Planalto.<\/p>\n\n\n\n<p>\u2013 Fomos n\u00f3s que entregamos a PEC da Transi\u00e7\u00e3o ao governo. Se tem algu\u00e9m devendo algo, em alguma coisa, \u00e9 o governo a n\u00f3s e n\u00e3o o contr\u00e1rio \u2013 afirmou o l\u00edder do Uni\u00e3o Brasil na C\u00e2mara, Elmar Nascimento (BA).<\/p>\n\n\n\n<p>O deputado foi o relator da Proposta de Emenda \u00e0 Constitui\u00e7\u00e3o (PEC) que permitiu a Lula aumentar gastos do Executivo para pagamento de despesas, como o novo Bolsa Fam\u00edlia.<\/p>\n\n\n\n<p><strong>CENTR\u00c3O<\/strong><br>O Uni\u00e3o Brasil controla os minist\u00e9rios das Comunica\u00e7\u00f5es, do Turismo e da Integra\u00e7\u00e3o. Juscelino Filho ganhou sobrevida ap\u00f3s Lula ter sido informado de que sua demiss\u00e3o tinha potencial para unificar o Centr\u00e3o contra o governo.<\/p>\n\n\n\n<p>Como mostrou o Estad\u00e3o, o ministro usou avi\u00e3o da For\u00e7a A\u00e9rea Brasileira (FAB) e di\u00e1rias de hotel pagas com dinheiro p\u00fablico, de 26 a 30 de janeiro, para uma viagem a S\u00e3o Paulo, na qual passou a maior parte do tempo em compromissos particulares, como leil\u00f5es de cavalos.<\/p>\n\n\n\n<p>Dos 59 deputados do Uni\u00e3o Brasil, 28 foram favor\u00e1veis \u00e0 cria\u00e7\u00e3o da CPMI. At\u00e9 agora, s\u00f3 um parlamentar da legenda \u2013 que tem a terceira maior bancada na C\u00e2mara \u2013 removeu o nome do requerimento. Doze congressistas do MDB e outros oito do PSD tamb\u00e9m endossaram o pedido. Os dois partidos integram a base e, a exemplo do Uni\u00e3o Brasil, comandam tr\u00eas pastas cada.<\/p>\n\n\n\n<p>\u2013 Eu estou trabalhando para que nossos aliados retirem as assinaturas, sim. Quem \u00e9 governo n\u00e3o pode querer essa CPI \u2013 argumentou o l\u00edder do governo na C\u00e2mara, Jos\u00e9 Guimar\u00e3es (PT-CE).<\/p>\n\n\n\n<p>Para que a CPMI seja instalada \u00e9 necess\u00e1rio o apoio de, no m\u00ednimo, 171 deputados e 27 senadores.<\/p>\n\n\n\n<p>O Estad\u00e3o apurou que a presid\u00eancia da Codevasf continuar\u00e1 sob controle do engenheiro Marcelo Moreira, aliado do l\u00edder do Uni\u00e3o Brasil. A empresa ficou conhecida por servir como duto das emendas do or\u00e7amento secreto. Superintend\u00eancias do Dnocs s\u00e3o disputadas pelo Avante, Uni\u00e3o Brasil e PP. Mesmo tendo integrantes de seu grupo no governo, Elmar garantiu que os votos do partido depender\u00e3o do tema das vota\u00e7\u00f5es.<\/p>\n\n\n\n<p>\u2013 Se for tratar de imposto, eu n\u00e3o vou votar. Reforma tribut\u00e1ria, desde que n\u00e3o aumente imposto, a gente vota. Quer tratar reforma administrativa? A gente vota. Quer tratar invas\u00e3o de terra? Vamos ser contra \u2013 avisou o deputado.<\/p>\n\n\n\n<p>Elmar declarou, ainda, que n\u00e3o pedir\u00e1 para quem assinou o requerimento da CPMI voltar atr\u00e1s.<\/p>\n\n\n\n<p>\u2013 Manteremos a postura independente \u2013 insistiu.<\/p>\n\n\n\n<p>O deputado Ubiratan Sanderson (PL-RS) disse ter ouvido uma tentativa de suborno do governo Lula para enterrar a CPMI. Ele publicou a den\u00fancia nas redes sociais.<\/p>\n\n\n\n<p>\u2013 Eu ouvi, da boca de um deputado federal que recebeu a mensagem de um emiss\u00e1rio de Lula, que quem retirar a assinatura ter\u00e1 R$ 60 milh\u00f5es de emendas RP-2 \u2013 afirmou Sanderson ao Estad\u00e3o.<\/p>\n\n\n\n<p>Questionado pelo deputado Nelsinho Padovani (Uni\u00e3o Brasil-PR), Padilha disse se tratar de \u201cfake news\u201d.<\/p>\n\n\n\n<p>\u2013 Quem falou isso para o deputado Sanderson mentiu \u2013 afirmou o titular das Rela\u00e7\u00f5es Institucionais.<\/p>\n\n\n\n<p>O Planalto avalia que bolsonaristas insistem na CPMI para pressionar pela liberta\u00e7\u00e3o dos presos ap\u00f3s as a\u00e7\u00f5es de vandalismo.<\/p>\n\n\n\n<p>\u2013 Isso s\u00f3 pode ser para a oposi\u00e7\u00e3o ter um palanque \u2013 disse o l\u00edder do governo no Senado, Jaques Wagner (PT-BA).<\/p>\n\n\n\n<p>*AE<\/p>\n","protected":false},"excerpt":{"rendered":"<p>O Pal\u00e1cio do Planalto deflagrou uma opera\u00e7\u00e3o para convencer deputados e senadores a retirar assinaturas do requerimento que pede a abertura da Comiss\u00e3o Parlamentar Mista de Inqu\u00e9rito (CPMI) sobre os atos de 8 de janeiro. A ofensiva inclui oferta de nomea\u00e7\u00f5es para cargos de segundo escal\u00e3o nos estados, como diretorias do Banco do Nordeste (BNB), [&hellip;]<\/p>\n","protected":false},"author":2,"featured_media":15049,"comment_status":"open","ping_status":"open","sticky":false,"template":"","format":"standard","meta":[],"categories":[10],"tags":[],"_links":{"self":[{"href":"https:\/\/dgospel.com.br\/portal\/index.php\/wp-json\/wp\/v2\/posts\/15048"}],"collection":[{"href":"https:\/\/dgospel.com.br\/portal\/index.php\/wp-json\/wp\/v2\/posts"}],"about":[{"href":"https:\/\/dgospel.com.br\/portal\/index.php\/wp-json\/wp\/v2\/types\/post"}],"author":[{"embeddable":true,"href":"https:\/\/dgospel.com.br\/portal\/index.php\/wp-json\/wp\/v2\/users\/2"}],"replies":[{"embeddable":true,"href":"https:\/\/dgospel.com.br\/portal\/index.php\/wp-json\/wp\/v2\/comments?post=15048"}],"version-history":[{"count":1,"href":"https:\/\/dgospel.com.br\/portal\/index.php\/wp-json\/wp\/v2\/posts\/15048\/revisions"}],"predecessor-version":[{"id":15050,"href":"https:\/\/dgospel.com.br\/portal\/index.php\/wp-json\/wp\/v2\/posts\/15048\/revisions\/15050"}],"wp:featuredmedia":[{"embeddable":true,"href":"https:\/\/dgospel.com.br\/portal\/index.php\/wp-json\/wp\/v2\/media\/15049"}],"wp:attachment":[{"href":"https:\/\/dgospel.com.br\/portal\/index.php\/wp-json\/wp\/v2\/media?parent=15048"}],"wp:term":[{"taxonomy":"category","embeddable":true,"href":"https:\/\/dgospel.com.br\/portal\/index.php\/wp-json\/wp\/v2\/categories?post=15048"},{"taxonomy":"post_tag","embeddable":true,"href":"https:\/\/dgospel.com.br\/portal\/index.php\/wp-json\/wp\/v2\/tags?post=15048"}],"curies":[{"name":"wp","href":"https:\/\/api.w.org\/{rel}","templated":true}]}}