{"id":1505,"date":"2018-10-04T10:02:52","date_gmt":"2018-10-04T13:02:52","guid":{"rendered":"http:\/\/dgospel.com.br\/portal\/?p=1505"},"modified":"2018-10-04T10:02:52","modified_gmt":"2018-10-04T13:02:52","slug":"acompanhado-por-milhares-em-caminhada-carlesse-encerra-campanha-em-gurupi","status":"publish","type":"post","link":"https:\/\/dgospel.com.br\/portal\/index.php\/2018\/10\/04\/acompanhado-por-milhares-em-caminhada-carlesse-encerra-campanha-em-gurupi\/","title":{"rendered":"Acompanhado por milhares em caminhada, Carlesse encerra campanha em Gurupi"},"content":{"rendered":"<div>\n<div>O encerramento da campanha \u00e0 reelei\u00e7\u00e3o do Governador Mauro Carlesse (PHS) em seu ber\u00e7o pol\u00edtico, o munic\u00edpio de Gurupi, no sul do Estado, reuniu milhares de pessoas nesta quarta-feira, 3. Acompanhado por prefeitos da regi\u00e3o, candidatos a deputados estaduais e federais, do candidato a senador C\u00e9sar Halum (PRB) e do vice-governador Wanderlei Barbosa (PHS), Carlesse percorreu, em caminhada, a Avenida Goi\u00e1s e foi saudado pelos gurupienses como o governador de todos os tocantinenses.<\/p>\n<\/div>\n<div>Na oportunidade, agradeceu a receptividade com que vem sendo recebido ao longo de todo o processo eleitoral. &#8220;Feliz com a forma como fui recebido em todo o Estado. A avalia\u00e7\u00e3o \u00e9 positiva e vamos para a vit\u00f3ria no pr\u00f3ximo domingo&#8221;, disse o Governador.<\/p>\n<\/div>\n<div>Carlesse destacou em entrevista que o principal projeto para a regi\u00e3o sul \u00e9 a industrializa\u00e7\u00e3o. &#8220;S\u00e3o as ind\u00fastrias que geram empregos para a nossa gente e n\u00f3s vamos trabalhar para desenvolver todo o Estado, de forma igual, e seguindo as voca\u00e7\u00f5es de cada regi\u00e3o&#8221;, disse.<\/p>\n<\/div>\n<div>O Governador tamb\u00e9m se pronunciou sobre a fuga de presos do pres\u00eddio Barra da Grota, em Aragua\u00edna. Disse que toda a \u00e1rea de seguran\u00e7a do governo est\u00e1 dedicada a solucionar a situa\u00e7\u00e3o o mais r\u00e1pido poss\u00edvel. &#8220;Tomamos todas as medidas e contivemos a rebeli\u00e3o no pres\u00eddio de Aragua\u00edna e tamb\u00e9m amea\u00e7as em outras unidades. Nossa prioridade sempre foi resgatar os ref\u00e9ns com vida&#8221;, frisou Carlesse.<\/p>\n<\/div>\n<div>Na regi\u00e3o sul do Estado, Mauro Carlesse conta com o apoio dos prefeitos Onassys, de Ja\u00fa do Tocantins; Z\u00e9 Augusto, de Peixe; F\u00e1bio Vaz, de Palmeir\u00f3polis; Fernandes, de Figueiropolis; Valdeni, de Duer\u00e9; Cel. Tavares, de Alian\u00e7a; Silvinha, de Sandol\u00e2ndia; Paulo Ant\u00f4nio, de Alvorada; Diogo Borges, de Talism\u00e3; Ol\u00edmpio, de S\u00e3o Val\u00e9rio; Quincas, de Aragua\u00e7u; Edinho, de Sucupira; e J\u00fanior Maraj\u00f3, de Cariri.<\/div>\n<\/div>\n","protected":false},"excerpt":{"rendered":"<p>O encerramento da campanha \u00e0 reelei\u00e7\u00e3o do Governador Mauro Carlesse (PHS) em seu ber\u00e7o pol\u00edtico, o munic\u00edpio de Gurupi, no sul do Estado, reuniu milhares de pessoas nesta quarta-feira, 3. Acompanhado por prefeitos da regi\u00e3o, candidatos a deputados estaduais e federais, do candidato a senador C\u00e9sar Halum (PRB) e do vice-governador Wanderlei Barbosa (PHS), Carlesse [&hellip;]<\/p>\n","protected":false},"author":2,"featured_media":1506,"comment_status":"open","ping_status":"open","sticky":false,"template":"","format":"standard","meta":[],"categories":[2,4],"tags":[],"_links":{"self":[{"href":"https:\/\/dgospel.com.br\/portal\/index.php\/wp-json\/wp\/v2\/posts\/1505"}],"collection":[{"href":"https:\/\/dgospel.com.br\/portal\/index.php\/wp-json\/wp\/v2\/posts"}],"about":[{"href":"https:\/\/dgospel.com.br\/portal\/index.php\/wp-json\/wp\/v2\/types\/post"}],"author":[{"embeddable":true,"href":"https:\/\/dgospel.com.br\/portal\/index.php\/wp-json\/wp\/v2\/users\/2"}],"replies":[{"embeddable":true,"href":"https:\/\/dgospel.com.br\/portal\/index.php\/wp-json\/wp\/v2\/comments?post=1505"}],"version-history":[{"count":1,"href":"https:\/\/dgospel.com.br\/portal\/index.php\/wp-json\/wp\/v2\/posts\/1505\/revisions"}],"predecessor-version":[{"id":1507,"href":"https:\/\/dgospel.com.br\/portal\/index.php\/wp-json\/wp\/v2\/posts\/1505\/revisions\/1507"}],"wp:featuredmedia":[{"embeddable":true,"href":"https:\/\/dgospel.com.br\/portal\/index.php\/wp-json\/wp\/v2\/media\/1506"}],"wp:attachment":[{"href":"https:\/\/dgospel.com.br\/portal\/index.php\/wp-json\/wp\/v2\/media?parent=1505"}],"wp:term":[{"taxonomy":"category","embeddable":true,"href":"https:\/\/dgospel.com.br\/portal\/index.php\/wp-json\/wp\/v2\/categories?post=1505"},{"taxonomy":"post_tag","embeddable":true,"href":"https:\/\/dgospel.com.br\/portal\/index.php\/wp-json\/wp\/v2\/tags?post=1505"}],"curies":[{"name":"wp","href":"https:\/\/api.w.org\/{rel}","templated":true}]}}