{"id":15051,"date":"2023-03-10T10:00:02","date_gmt":"2023-03-10T13:00:02","guid":{"rendered":"http:\/\/dgospel.com.br\/portal\/?p=15051"},"modified":"2023-03-10T10:08:42","modified_gmt":"2023-03-10T13:08:42","slug":"pr-derisvaldo-as-nossas-palavras-demonstram-o-tamanho-da-nossa-fe","status":"publish","type":"post","link":"https:\/\/dgospel.com.br\/portal\/index.php\/2023\/03\/10\/pr-derisvaldo-as-nossas-palavras-demonstram-o-tamanho-da-nossa-fe\/","title":{"rendered":"As nossas palavras demonstram o tamanho da nossa f\u00e9"},"content":{"rendered":"\n<p>O pai da f\u00e9 estava indo oferecer o seu filho Isaque no alto do monte. Mas, no campo da f\u00e9, ele afirmava que: Eu e o menino iremos, adoraremos e voltaremos Gn 22,5. Observe que os verbos s\u00e3o flexionados, ou seja, est\u00e3o no plural da primeira pessoa (n\u00f3s). Isto significa dizer que ele e o menino estavam indo, por\u00e9m os dois iriam voltar!<\/p>\n\n\n\n<p>Queridos, como \u00e9 que voc\u00ea olha para os seus desafios?<\/p>\n\n\n\n<p>Qual a vis\u00e3o que voc\u00ea tem de Deus?<\/p>\n\n\n\n<p>Que tipo de linguagem voc\u00ea utiliza para falar de seus desafios?<\/p>\n\n\n\n<p>Abra\u00e3o, sabia que Deus poderia lhe tomar o seu filho Isaque. No entanto, a convic\u00e7\u00e3o dele era maior em rela\u00e7\u00e3o ao poder de Deus no que diz respeito a vida.<\/p>\n\n\n\n<p>Para muitos Isaque iria morrer, para Abra\u00e3o o menino iria ressuscitar.<\/p>\n\n\n\n<p>Para o servo de Eliseu o ex\u00e9rcito dos inimigos era insuper\u00e1vel, entretanto para Eliseu aquele ex\u00e9rcito era insignificante diante do ex\u00e9rcito de Deus II Rs 6, 15-18.<\/p>\n\n\n\n<p>Para a fam\u00edlia, amigos e a multid\u00e3o o L\u00e1zaro estava<br>Morto mas, para Jesus o L\u00e1zaro estava dormindo e ele iria despert\u00e1-lo Jo\u00e3o 11, 11.<\/p>\n\n\n\n<p>Quem n\u00e3o tem f\u00e9, coragem e atitude geralmente potencializa ou super dimensiona o problema. Mas quem tem f\u00e9, coragem e atitude. Enxergar nos problemas ou nas crises uma oportunidade de estabilidade, crescimento e visibilidade.<\/p>\n\n\n\n<p>Queridos, a dimens\u00e3o de seus desafios depende de sua vis\u00e3o, o seu olhar ir\u00e1 determinar a sua linguagem!<\/p>\n\n\n\n<p>Assim te diz o senhor esse rio de desafios que est\u00e1 diante de voc\u00ea, n\u00e3o vai te afogar! Na realidade voc\u00ea tem algumas maneiras para chegar do outro lado:<\/p>\n\n\n\n<p>1) Nadando<\/p>\n\n\n\n<p>2) Construindo uma embarca\u00e7\u00e3o<\/p>\n\n\n\n<p>3) Construindo uma ponte<\/p>\n\n\n\n<p>4) Flutuando sobre as \u00e1guas<\/p>\n\n\n\n<p>5) Abrindo o rio e passando em terra seca\u2026<\/p>\n\n\n\n<p>Entendeu? Espero que sim!<\/p>\n\n\n\n<p>N\u00e3o mostre os seus problemas para Deus. Fa\u00e7a o contr\u00e1rio, mostre para os seus desafios o tamanho de seu Deus!<\/p>\n\n\n\n<p>Por Pr. Derisvaldo Bezerra<\/p>\n","protected":false},"excerpt":{"rendered":"<p>O pai da f\u00e9 estava indo oferecer o seu filho Isaque no alto do monte. Mas, no campo da f\u00e9, ele afirmava que: Eu e o menino iremos, adoraremos e voltaremos Gn 22,5. Observe que os verbos s\u00e3o flexionados, ou seja, est\u00e3o no plural da primeira pessoa (n\u00f3s). Isto significa dizer que ele e o [&hellip;]<\/p>\n","protected":false},"author":2,"featured_media":15052,"comment_status":"open","ping_status":"open","sticky":false,"template":"","format":"standard","meta":[],"categories":[11],"tags":[],"_links":{"self":[{"href":"https:\/\/dgospel.com.br\/portal\/index.php\/wp-json\/wp\/v2\/posts\/15051"}],"collection":[{"href":"https:\/\/dgospel.com.br\/portal\/index.php\/wp-json\/wp\/v2\/posts"}],"about":[{"href":"https:\/\/dgospel.com.br\/portal\/index.php\/wp-json\/wp\/v2\/types\/post"}],"author":[{"embeddable":true,"href":"https:\/\/dgospel.com.br\/portal\/index.php\/wp-json\/wp\/v2\/users\/2"}],"replies":[{"embeddable":true,"href":"https:\/\/dgospel.com.br\/portal\/index.php\/wp-json\/wp\/v2\/comments?post=15051"}],"version-history":[{"count":3,"href":"https:\/\/dgospel.com.br\/portal\/index.php\/wp-json\/wp\/v2\/posts\/15051\/revisions"}],"predecessor-version":[{"id":15055,"href":"https:\/\/dgospel.com.br\/portal\/index.php\/wp-json\/wp\/v2\/posts\/15051\/revisions\/15055"}],"wp:featuredmedia":[{"embeddable":true,"href":"https:\/\/dgospel.com.br\/portal\/index.php\/wp-json\/wp\/v2\/media\/15052"}],"wp:attachment":[{"href":"https:\/\/dgospel.com.br\/portal\/index.php\/wp-json\/wp\/v2\/media?parent=15051"}],"wp:term":[{"taxonomy":"category","embeddable":true,"href":"https:\/\/dgospel.com.br\/portal\/index.php\/wp-json\/wp\/v2\/categories?post=15051"},{"taxonomy":"post_tag","embeddable":true,"href":"https:\/\/dgospel.com.br\/portal\/index.php\/wp-json\/wp\/v2\/tags?post=15051"}],"curies":[{"name":"wp","href":"https:\/\/api.w.org\/{rel}","templated":true}]}}