{"id":15062,"date":"2023-03-11T16:10:49","date_gmt":"2023-03-11T19:10:49","guid":{"rendered":"http:\/\/dgospel.com.br\/portal\/?p=15062"},"modified":"2023-03-11T16:10:51","modified_gmt":"2023-03-11T19:10:51","slug":"frente-parlamentar-evangelica-do-senado-ja-tem-15-assinaturas","status":"publish","type":"post","link":"https:\/\/dgospel.com.br\/portal\/index.php\/2023\/03\/11\/frente-parlamentar-evangelica-do-senado-ja-tem-15-assinaturas\/","title":{"rendered":"Frente Parlamentar Evang\u00e9lica do Senado j\u00e1 tem 15 assinaturas"},"content":{"rendered":"\n<p>Com previs\u00e3o para ser instalada na pr\u00f3xima quarta-feira (15), a Frente Parlamentar Evang\u00e9lica do Senado j\u00e1 soma 15 assinaturas.<\/p>\n\n\n\n<p>A bancada dever\u00e1 ser liderada pelo senador Carlos Viana (Podemos-MG), quem articulou a iniciativa.<\/p>\n\n\n\n<p>Dentre os senadores que integrar\u00e3o o grupo est\u00e3o nomes como Soraya Thronicke (Uni\u00e3o Brasil-MS), Jorge Kajuru (PSB-GO), Rog\u00e9rio Marinho (PL-RN) e Damares Alves (Republicanos-DF).<\/p>\n\n\n\n<p><strong>VEJA A RELA\u00c7\u00c3O PARCIAL DAQUELES QUE FAR\u00c3O PARTE DA FRENTE PARLMENTAR EVANG\u00c9LICA:<\/strong><\/p>\n\n\n\n<ul><li>Carlos Viana (Podemos-MG)<\/li><li>Alan Rick (Uni\u00e3o Brasil-AC)<\/li><li>Cleitinho (Republicanos-MG)<\/li><li>Damares Alves (Republicanos-DF)<\/li><li>Eduardo Gir\u00e3o (Novo-CE)<\/li><li>Eliziane Gama (PSD-MA)<\/li><li>Fl\u00e1vio Bolsonaro (PL-RJ)<\/li><li>Jorge Kajuru (PSB-GO)<\/li><li>Jorge Seif (PL-SC)<\/li><li>Magno Malta (PL-ES)<\/li><li>Marcos do Val (Podemos-ES)<\/li><li>Mecias de Jesus (Republicanos-RR)<\/li><li>Rog\u00e9rio Marinho (PL-RN)<\/li><li>Soraya Thronicke (Uni\u00e3o Brasil-MS)<\/li><li>Zequinha Marinho (PL-PA)<\/li><\/ul>\n","protected":false},"excerpt":{"rendered":"<p>Com previs\u00e3o para ser instalada na pr\u00f3xima quarta-feira (15), a Frente Parlamentar Evang\u00e9lica do Senado j\u00e1 soma 15 assinaturas. A bancada dever\u00e1 ser liderada pelo senador Carlos Viana (Podemos-MG), quem articulou a iniciativa. Dentre os senadores que integrar\u00e3o o grupo est\u00e3o nomes como Soraya Thronicke (Uni\u00e3o Brasil-MS), Jorge Kajuru (PSB-GO), Rog\u00e9rio Marinho (PL-RN) e Damares [&hellip;]<\/p>\n","protected":false},"author":2,"featured_media":15063,"comment_status":"open","ping_status":"open","sticky":false,"template":"","format":"standard","meta":[],"categories":[8],"tags":[],"_links":{"self":[{"href":"https:\/\/dgospel.com.br\/portal\/index.php\/wp-json\/wp\/v2\/posts\/15062"}],"collection":[{"href":"https:\/\/dgospel.com.br\/portal\/index.php\/wp-json\/wp\/v2\/posts"}],"about":[{"href":"https:\/\/dgospel.com.br\/portal\/index.php\/wp-json\/wp\/v2\/types\/post"}],"author":[{"embeddable":true,"href":"https:\/\/dgospel.com.br\/portal\/index.php\/wp-json\/wp\/v2\/users\/2"}],"replies":[{"embeddable":true,"href":"https:\/\/dgospel.com.br\/portal\/index.php\/wp-json\/wp\/v2\/comments?post=15062"}],"version-history":[{"count":1,"href":"https:\/\/dgospel.com.br\/portal\/index.php\/wp-json\/wp\/v2\/posts\/15062\/revisions"}],"predecessor-version":[{"id":15064,"href":"https:\/\/dgospel.com.br\/portal\/index.php\/wp-json\/wp\/v2\/posts\/15062\/revisions\/15064"}],"wp:featuredmedia":[{"embeddable":true,"href":"https:\/\/dgospel.com.br\/portal\/index.php\/wp-json\/wp\/v2\/media\/15063"}],"wp:attachment":[{"href":"https:\/\/dgospel.com.br\/portal\/index.php\/wp-json\/wp\/v2\/media?parent=15062"}],"wp:term":[{"taxonomy":"category","embeddable":true,"href":"https:\/\/dgospel.com.br\/portal\/index.php\/wp-json\/wp\/v2\/categories?post=15062"},{"taxonomy":"post_tag","embeddable":true,"href":"https:\/\/dgospel.com.br\/portal\/index.php\/wp-json\/wp\/v2\/tags?post=15062"}],"curies":[{"name":"wp","href":"https:\/\/api.w.org\/{rel}","templated":true}]}}